{"id":24327,"date":"2024-10-03T11:42:56","date_gmt":"2024-10-03T14:42:56","guid":{"rendered":"https:\/\/www.sbfisica.org.br\/v1\/sbf\/?p=24327"},"modified":"2024-10-03T11:58:13","modified_gmt":"2024-10-03T14:58:13","slug":"xiii-escola-de-fisica-roberto-a-salmeron-13a-efras-maos-na-massa-em-tecnologias-quanticas-e-inteligencia-artificial","status":"publish","type":"post","link":"https:\/\/www.sbfisica.org.br\/v1\/sbf\/xiii-escola-de-fisica-roberto-a-salmeron-13a-efras-maos-na-massa-em-tecnologias-quanticas-e-inteligencia-artificial\/","title":{"rendered":"XIII Escola de F\u00edsica Roberto A. Salmeron (13\u00aa EFRAS): &#8220;M\u00e3os na massa&#8221; em Tecnologias Qu\u00e2nticas e Intelig\u00eancia Artificial"},"content":{"rendered":"\n<p>O Centro Internacional de F\u00edsica (CIF) da Universidade de Bras\u00edlia (UnB) realizar\u00e1 entre os dias 4 e 8 de novembro de 2024 a XIII Escola de F\u00edsica Roberto A. Salmeron (13\u00aa EFRAS), com o tema: Tecnologias Qu\u00e2nticas e Intelig\u00eancia Artificial. O evento ter\u00e1 oficinas pr\u00e1ticas, palestras plen\u00e1rias, demonstra\u00e7\u00e3o de equipamentos, apresenta\u00e7\u00f5es orais de estudantes de p\u00f3s-gradua\u00e7\u00e3o e sess\u00e3o de p\u00f4steres.<\/p>\n\n\n\n<p>Inscri\u00e7\u00f5es: 02\/10\/2024 &#8211; 31\/10\/2024<br>Maiores informa\u00e7\u00f5es em:\u00a0<a href=\"http:\/\/www.cif.unb.br\/efras\" target=\"_blank\" rel=\"noreferrer noopener\">http:\/\/www.cif.unb.br\/efras<\/a><\/p>\n\n\n\n<p>Ser\u00e1 disponibilizado um n\u00famero limitado de vagas nos apartamentos de tr\u00e2nsito da UnB, onde estudantes de fora do DF (aceitos para a Escola) poder\u00e3o se hospedar sem nenhum custo por at\u00e9 6 dias.<\/p>\n\n\n\n<figure class=\"wp-block-image size-large\"><img fetchpriority=\"high\" decoding=\"async\" width=\"724\" height=\"1024\" src=\"https:\/\/www.sbfisica.org.br\/v1\/sbf\/wp-content\/uploads\/2024\/10\/13-EFRAS-724x1024.png\" alt=\"\" class=\"wp-image-24328\"\/><\/figure>\n","protected":false},"excerpt":{"rendered":"<p>O Centro Internacional de F\u00edsica (CIF) da Universidade de Bras\u00edlia (UnB) realizar\u00e1 entre os dias 4 e 8 de novembro de 2024 a XIII Escola de F\u00edsica Roberto A. Salmeron (13\u00aa EFRAS), com o tema: Tecnologias Qu\u00e2nticas e Intelig\u00eancia Artificial. O evento ter\u00e1 oficinas pr\u00e1ticas, palestras plen\u00e1rias, demonstra\u00e7\u00e3o de equipamentos, apresenta\u00e7\u00f5es orais de estudantes de [&hellip;]<\/p>\n","protected":false},"author":4,"featured_media":16567,"comment_status":"open","ping_status":"open","sticky":false,"template":"","format":"standard","meta":{"footnotes":""},"categories":[461],"tags":[],"class_list":["post-24327","post","type-post","status-publish","format-standard","has-post-thumbnail","hentry","category-eventos"],"aioseo_notices":[],"_links":{"self":[{"href":"https:\/\/www.sbfisica.org.br\/v1\/sbf\/wp-json\/wp\/v2\/posts\/24327","targetHints":{"allow":["GET"]}}],"collection":[{"href":"https:\/\/www.sbfisica.org.br\/v1\/sbf\/wp-json\/wp\/v2\/posts"}],"about":[{"href":"https:\/\/www.sbfisica.org.br\/v1\/sbf\/wp-json\/wp\/v2\/types\/post"}],"author":[{"embeddable":true,"href":"https:\/\/www.sbfisica.org.br\/v1\/sbf\/wp-json\/wp\/v2\/users\/4"}],"replies":[{"embeddable":true,"href":"https:\/\/www.sbfisica.org.br\/v1\/sbf\/wp-json\/wp\/v2\/comments?post=24327"}],"version-history":[{"count":2,"href":"https:\/\/www.sbfisica.org.br\/v1\/sbf\/wp-json\/wp\/v2\/posts\/24327\/revisions"}],"predecessor-version":[{"id":24332,"href":"https:\/\/www.sbfisica.org.br\/v1\/sbf\/wp-json\/wp\/v2\/posts\/24327\/revisions\/24332"}],"wp:featuredmedia":[{"embeddable":true,"href":"https:\/\/www.sbfisica.org.br\/v1\/sbf\/wp-json\/wp\/v2\/media\/16567"}],"wp:attachment":[{"href":"https:\/\/www.sbfisica.org.br\/v1\/sbf\/wp-json\/wp\/v2\/media?parent=24327"}],"wp:term":[{"taxonomy":"category","embeddable":true,"href":"https:\/\/www.sbfisica.org.br\/v1\/sbf\/wp-json\/wp\/v2\/categories?post=24327"},{"taxonomy":"post_tag","embeddable":true,"href":"https:\/\/www.sbfisica.org.br\/v1\/sbf\/wp-json\/wp\/v2\/tags?post=24327"}],"curies":[{"name":"wp","href":"https:\/\/api.w.org\/{rel}","templated":true}]}}