{"id":24301,"date":"2024-10-03T09:57:36","date_gmt":"2024-10-03T12:57:36","guid":{"rendered":"https:\/\/www.sbfisica.org.br\/v1\/sbf\/?p=24301"},"modified":"2024-10-03T09:57:41","modified_gmt":"2024-10-03T12:57:41","slug":"iii-workshop-antonio-brasil-batista-em-astrofisica-cosmologia-e-gravitacao","status":"publish","type":"post","link":"https:\/\/www.sbfisica.org.br\/v1\/sbf\/iii-workshop-antonio-brasil-batista-em-astrofisica-cosmologia-e-gravitacao\/","title":{"rendered":"III Workshop Ant\u00f4nio Brasil Batista em Astrof\u00edsica, Cosmologia e Gravita\u00e7\u00e3o"},"content":{"rendered":"\n<p>O III Workshop Ant\u00f4nio Brasil Batista (WABB)\u00a0pretende apresentar uma amplo painel dos problemas da atualidade em Astrof\u00edsica,\u00a0Cosmologia e Gravita\u00e7\u00e3o, visandoatualizar e fortalecer a forma\u00e7\u00e3o de alunos de  p\u00f3s-gradua\u00e7\u00e3o do Brasil. Al\u00e9m disso,\u00a0apresentar \u00e0 comunidade cient\u00edfica nacional a pesquisa desenvolvida pelos pesquisadores do Programa de P\u00f3s-Gradua\u00e7\u00e3o em Astrof\u00edsica, Cosmologia e Gravita\u00e7\u00e3o (PPGCosmo) da UFES. O Workshop \u00e9 aberto aos estudantes de F\u00edsica e Astronomia e \u00e1reas correlatas, bem como aos demais cientistas brasileiros.\u00a0\u00a0<\/p>\n\n\n\n<p>Data:&nbsp;<strong>02 e 03 de dezembro de 2024<\/strong><\/p>\n\n\n\n<p>Local: UFES &#8211; Vit\u00f3ria\/ES<\/p>\n\n\n\n<p>Acesse o site do Evento:&nbsp;<a href=\"https:\/\/www.cosmo-ufes.org\/wabb2024.html\" target=\"_blank\" rel=\"noreferrer noopener\">https:\/\/www.cosmo-ufes.org\/wabb2024.html<\/a>Mais informa\u00e7\u00f5es:&nbsp;<\/p>\n\n\n\n<p><a href=\"mailto:ppgcosmo@cosmo-ufes.org\" target=\"_blank\" rel=\"noreferrer noopener\">ppgcosmo@cosmo-ufes.org<\/a><\/p>\n","protected":false},"excerpt":{"rendered":"<p>O III Workshop Ant\u00f4nio Brasil Batista (WABB)\u00a0pretende apresentar uma amplo painel dos problemas da atualidade em Astrof\u00edsica,\u00a0Cosmologia e Gravita\u00e7\u00e3o, visandoatualizar e fortalecer a forma\u00e7\u00e3o de alunos de p\u00f3s-gradua\u00e7\u00e3o do Brasil. Al\u00e9m disso,\u00a0apresentar \u00e0 comunidade cient\u00edfica nacional a pesquisa desenvolvida pelos pesquisadores do Programa de P\u00f3s-Gradua\u00e7\u00e3o em Astrof\u00edsica, Cosmologia e Gravita\u00e7\u00e3o (PPGCosmo) da UFES. O Workshop [&hellip;]<\/p>\n","protected":false},"author":4,"featured_media":16567,"comment_status":"open","ping_status":"open","sticky":false,"template":"","format":"standard","meta":{"footnotes":""},"categories":[461],"tags":[],"class_list":["post-24301","post","type-post","status-publish","format-standard","has-post-thumbnail","hentry","category-eventos"],"aioseo_notices":[],"_links":{"self":[{"href":"https:\/\/www.sbfisica.org.br\/v1\/sbf\/wp-json\/wp\/v2\/posts\/24301","targetHints":{"allow":["GET"]}}],"collection":[{"href":"https:\/\/www.sbfisica.org.br\/v1\/sbf\/wp-json\/wp\/v2\/posts"}],"about":[{"href":"https:\/\/www.sbfisica.org.br\/v1\/sbf\/wp-json\/wp\/v2\/types\/post"}],"author":[{"embeddable":true,"href":"https:\/\/www.sbfisica.org.br\/v1\/sbf\/wp-json\/wp\/v2\/users\/4"}],"replies":[{"embeddable":true,"href":"https:\/\/www.sbfisica.org.br\/v1\/sbf\/wp-json\/wp\/v2\/comments?post=24301"}],"version-history":[{"count":1,"href":"https:\/\/www.sbfisica.org.br\/v1\/sbf\/wp-json\/wp\/v2\/posts\/24301\/revisions"}],"predecessor-version":[{"id":24302,"href":"https:\/\/www.sbfisica.org.br\/v1\/sbf\/wp-json\/wp\/v2\/posts\/24301\/revisions\/24302"}],"wp:featuredmedia":[{"embeddable":true,"href":"https:\/\/www.sbfisica.org.br\/v1\/sbf\/wp-json\/wp\/v2\/media\/16567"}],"wp:attachment":[{"href":"https:\/\/www.sbfisica.org.br\/v1\/sbf\/wp-json\/wp\/v2\/media?parent=24301"}],"wp:term":[{"taxonomy":"category","embeddable":true,"href":"https:\/\/www.sbfisica.org.br\/v1\/sbf\/wp-json\/wp\/v2\/categories?post=24301"},{"taxonomy":"post_tag","embeddable":true,"href":"https:\/\/www.sbfisica.org.br\/v1\/sbf\/wp-json\/wp\/v2\/tags?post=24301"}],"curies":[{"name":"wp","href":"https:\/\/api.w.org\/{rel}","templated":true}]}}