{"id":24249,"date":"2024-09-25T10:11:57","date_gmt":"2024-09-25T13:11:57","guid":{"rendered":"https:\/\/www.sbfisica.org.br\/v1\/sbf\/?p=24249"},"modified":"2024-09-25T10:11:57","modified_gmt":"2024-09-25T13:11:57","slug":"mestrado-e-doutorado-em-fisica-ita","status":"publish","type":"post","link":"https:\/\/www.sbfisica.org.br\/v1\/sbf\/mestrado-e-doutorado-em-fisica-ita\/","title":{"rendered":"Mestrado e Doutorado em F\u00edsica &#8211; ITA"},"content":{"rendered":"\n<p>Est\u00e3o abertas,&nbsp;<strong>at\u00e9 o dia 11\/10\/2024<\/strong>, as inscri\u00e7\u00f5es para o processo seletivo de ingresso e sele\u00e7\u00e3o de bolsistas nos cursos de&nbsp;<strong>Mestrado<\/strong>&nbsp;e&nbsp;<strong>Doutorado<\/strong>&nbsp;do Programa de F\u00edsica (PG-FIS), do Instituto Tecnol\u00f3gico de Aeron\u00e1utica (ITA).<\/p>\n\n\n\n<p>O p\u00fablico alvo \u00e9 composto por alunos egressos das \u00e1reas de F\u00edsica, Exatas, Engenharias, e \u00e1reas afins.<\/p>\n\n\n\n<p>As \u00e1reas de pesquisa do &nbsp;PG-FIS s\u00e3o:<\/p>\n\n\n\n<p><strong>&#8211; At\u00f4mica, Molecular e Mat\u00e9ria Condensada<br>&#8211; Din\u00e2mica n\u00e3o-linear, caos e sistemas complexos<br>&#8211; Nuclear, astrof\u00edsica, f\u00edsica de poucos corpos<br>&#8211; Plasma<\/strong><\/p>\n\n\n\n<p>O processo seletivo e classifica\u00e7\u00e3o para bolsas \u00e9 baseado em uma prova de l\u00f3gica e uma entrevista sobre o projeto de mestrado\/doutorado enviado, como estabelecido no regulamento do PG-Fis (<a href=\"https:\/\/www.pgfis.ita.br\/pt\/post\/legislacao\" target=\"_blank\" rel=\"noreferrer noopener\">https:\/\/www.pgfis.ita.br\/pt\/post\/legislacao<\/a>).<\/p>\n\n\n\n<p>Vale mencionar que o ITA vem oferecendo refei\u00e7\u00f5es gratuitas&nbsp;no restaurante dos militares, a todos os alunos dos programas de P\u00f3s-Gradua\u00e7\u00e3o.<\/p>\n\n\n\n<p>A cidade de S\u00e3o Jos\u00e9 dos Campos, onde encontra-se o ITA, al\u00e9m de ser uma das cidades com os melhores \u00edndices&nbsp;de desenvolvimento humano do Brasil, est\u00e1 estrategicamente localizada em um dos maiores polos tecnol\u00f3gicos do pa\u00eds, entre as cidades de S\u00e3o Paulo e Rio de Janeiro, a aproximadamente 60 km do Aeroporto de Guarulhos.&nbsp;<\/p>\n\n\n\n<p>Para mais informa\u00e7\u00f5es:&nbsp;<strong><a href=\"http:\/\/www.ita.br\/posgrad\/procseletivo\" target=\"_blank\" rel=\"noreferrer noopener\">http:\/\/www.ita.br\/posgrad\/procseletivo<\/a>&nbsp;<\/strong>e tamb\u00e9m&nbsp;<a href=\"https:\/\/www.pgfis.ita.br\/pt\/post\/legislacao\" target=\"_blank\" rel=\"noreferrer noopener\">https:\/\/www.pgfis.ita.br\/pt\/<\/a><\/p>\n\n\n\n<p><strong>Coordenador<\/strong>&nbsp;do PG-Fis: Prof. Dr. Francisco Machado<br>e-mail:&nbsp;<a href=\"mailto:fmachado@ita.br\" target=\"_blank\" rel=\"noreferrer noopener\">fmachado@ita.br<\/a><\/p>\n","protected":false},"excerpt":{"rendered":"<p>Est\u00e3o abertas,&nbsp;at\u00e9 o dia 11\/10\/2024, as inscri\u00e7\u00f5es para o processo seletivo de ingresso e sele\u00e7\u00e3o de bolsistas nos cursos de&nbsp;Mestrado&nbsp;e&nbsp;Doutorado&nbsp;do Programa de F\u00edsica (PG-FIS), do Instituto Tecnol\u00f3gico de Aeron\u00e1utica (ITA). O p\u00fablico alvo \u00e9 composto por alunos egressos das \u00e1reas de F\u00edsica, Exatas, Engenharias, e \u00e1reas afins. As \u00e1reas de pesquisa do &nbsp;PG-FIS s\u00e3o: &#8211; [&hellip;]<\/p>\n","protected":false},"author":4,"featured_media":16567,"comment_status":"open","ping_status":"open","sticky":false,"template":"","format":"standard","meta":{"footnotes":""},"categories":[456],"tags":[],"class_list":["post-24249","post","type-post","status-publish","format-standard","has-post-thumbnail","hentry","category-processos-seletivos"],"aioseo_notices":[],"_links":{"self":[{"href":"https:\/\/www.sbfisica.org.br\/v1\/sbf\/wp-json\/wp\/v2\/posts\/24249","targetHints":{"allow":["GET"]}}],"collection":[{"href":"https:\/\/www.sbfisica.org.br\/v1\/sbf\/wp-json\/wp\/v2\/posts"}],"about":[{"href":"https:\/\/www.sbfisica.org.br\/v1\/sbf\/wp-json\/wp\/v2\/types\/post"}],"author":[{"embeddable":true,"href":"https:\/\/www.sbfisica.org.br\/v1\/sbf\/wp-json\/wp\/v2\/users\/4"}],"replies":[{"embeddable":true,"href":"https:\/\/www.sbfisica.org.br\/v1\/sbf\/wp-json\/wp\/v2\/comments?post=24249"}],"version-history":[{"count":1,"href":"https:\/\/www.sbfisica.org.br\/v1\/sbf\/wp-json\/wp\/v2\/posts\/24249\/revisions"}],"predecessor-version":[{"id":24250,"href":"https:\/\/www.sbfisica.org.br\/v1\/sbf\/wp-json\/wp\/v2\/posts\/24249\/revisions\/24250"}],"wp:featuredmedia":[{"embeddable":true,"href":"https:\/\/www.sbfisica.org.br\/v1\/sbf\/wp-json\/wp\/v2\/media\/16567"}],"wp:attachment":[{"href":"https:\/\/www.sbfisica.org.br\/v1\/sbf\/wp-json\/wp\/v2\/media?parent=24249"}],"wp:term":[{"taxonomy":"category","embeddable":true,"href":"https:\/\/www.sbfisica.org.br\/v1\/sbf\/wp-json\/wp\/v2\/categories?post=24249"},{"taxonomy":"post_tag","embeddable":true,"href":"https:\/\/www.sbfisica.org.br\/v1\/sbf\/wp-json\/wp\/v2\/tags?post=24249"}],"curies":[{"name":"wp","href":"https:\/\/api.w.org\/{rel}","templated":true}]}}