{"id":23221,"date":"2024-08-15T15:19:36","date_gmt":"2024-08-15T18:19:36","guid":{"rendered":"https:\/\/www.sbfisica.org.br\/v1\/sbf\/?p=23221"},"modified":"2024-08-15T15:19:37","modified_gmt":"2024-08-15T18:19:37","slug":"instituto-de-fisica-gleb-wataghin-celebra-centenario-de-lattes","status":"publish","type":"post","link":"https:\/\/www.sbfisica.org.br\/v1\/sbf\/instituto-de-fisica-gleb-wataghin-celebra-centenario-de-lattes\/","title":{"rendered":"Instituto de F\u00edsica Gleb Wataghin celebra centen\u00e1rio de Lattes"},"content":{"rendered":"\n<p>A Diretora e o Diretor Associado do Instituto de F\u00edsica Gleb Wataghin da Unicamp, M\u00f4nica Alonso Cotta e Marcos Cesar de Oliveira, convidam toda a comunidade\u00a0para participar da transmiss\u00e3o da Solenidade de Comemora\u00e7\u00e3o do Centen\u00e1rio do Nascimento do Prof. Dr. Cesare Mansueto Giulio Lattes, no Google Meet, no link\u00a0<a href=\"http:\/\/meet.google.com\/dah-nkay-hbd\" target=\"_blank\" rel=\"noreferrer noopener\">meet.google.com\/dah-nkay-hbd<\/a><strong>,\u00a0<\/strong>no dia<strong>\u00a0<\/strong>22 de agosto de 2024 (quinta-feira) \u00e0s 9h30.<\/p>\n\n\n\n<h2 class=\"wp-block-heading\">Programa\u00e7\u00e3o do evento<\/h2>\n\n\n\n<ul class=\"wp-block-list\">\n<li>9h30 \u2013 Solenidade de Abertura<\/li>\n\n\n\n<li>9h40 \u2013 \u00a0Convidado &#8211; Prof. Edison Hiroyuki Shibuya<\/li>\n\n\n\n<li>10h05 \u2013 Lan\u00e7amento da Exposi\u00e7\u00e3o Virtual: &#8220;Cesar Lattes, cientista brasileiro&#8221;, realizada pelo Arquivo Central\/SIARQ &#8211; Jana\u00edna Andiara dos Santos (coordenadora do SIARQ) e Rafaela Basso (coord.GPDI\/SIARQ)<\/li>\n\n\n\n<li>10h20 \u2013 Palavras da Fam\u00edlia &#8211; Filhas Maria Cristina, Maria L\u00facia e Maria Tereza<\/li>\n\n\n\n<li>10h35 \u2013 \u00a0Apresenta\u00e7\u00e3o da Biografia de Cesar Lattes &#8211; Jornalistas Marta G\u00f3es e Tato Coutinho (apresenta\u00e7\u00e3o remota)<\/li>\n\n\n\n<li>10h50 \u2013 Convidada &#8211; \u00a0Profa. Iramaia J C Paulo \u00a0(apresenta\u00e7\u00e3o remota)<\/li>\n\n\n\n<li>11h05 &#8211; Convidado &#8211; Prof. Julio Cesar Hadler Neto<\/li>\n\n\n\n<li>11h20 \u2013 Palestra &#8211; Profa. Carola Dobrigkeit Chinellato<\/li>\n\n\n\n<li>12h05 \u2013 \u00a0Plantio da \u00c1rvore e Solenidade de encerramento<\/li>\n<\/ul>\n","protected":false},"excerpt":{"rendered":"<p>A Diretora e o Diretor Associado do Instituto de F\u00edsica Gleb Wataghin da Unicamp, M\u00f4nica Alonso Cotta e Marcos Cesar de Oliveira, convidam toda a comunidade\u00a0para participar da transmiss\u00e3o da Solenidade de Comemora\u00e7\u00e3o do Centen\u00e1rio do Nascimento do Prof. Dr. Cesare Mansueto Giulio Lattes, no Google Meet, no link\u00a0meet.google.com\/dah-nkay-hbd,\u00a0no dia\u00a022 de agosto de 2024 (quinta-feira) [&hellip;]<\/p>\n","protected":false},"author":12,"featured_media":21265,"comment_status":"open","ping_status":"open","sticky":false,"template":"","format":"standard","meta":{"footnotes":""},"categories":[461],"tags":[527,666,667,668,344],"class_list":["post-23221","post","type-post","status-publish","format-standard","has-post-thumbnail","hentry","category-eventos","tag-centario-cesar-lattes","tag-instituto-de-fisica-gleb-wataghin","tag-monica-alonso-cotta","tag-monica-alonso-cotta-e-marcos-cesar-de-oliveira","tag-unicamp"],"aioseo_notices":[],"_links":{"self":[{"href":"https:\/\/www.sbfisica.org.br\/v1\/sbf\/wp-json\/wp\/v2\/posts\/23221","targetHints":{"allow":["GET"]}}],"collection":[{"href":"https:\/\/www.sbfisica.org.br\/v1\/sbf\/wp-json\/wp\/v2\/posts"}],"about":[{"href":"https:\/\/www.sbfisica.org.br\/v1\/sbf\/wp-json\/wp\/v2\/types\/post"}],"author":[{"embeddable":true,"href":"https:\/\/www.sbfisica.org.br\/v1\/sbf\/wp-json\/wp\/v2\/users\/12"}],"replies":[{"embeddable":true,"href":"https:\/\/www.sbfisica.org.br\/v1\/sbf\/wp-json\/wp\/v2\/comments?post=23221"}],"version-history":[{"count":1,"href":"https:\/\/www.sbfisica.org.br\/v1\/sbf\/wp-json\/wp\/v2\/posts\/23221\/revisions"}],"predecessor-version":[{"id":23222,"href":"https:\/\/www.sbfisica.org.br\/v1\/sbf\/wp-json\/wp\/v2\/posts\/23221\/revisions\/23222"}],"wp:featuredmedia":[{"embeddable":true,"href":"https:\/\/www.sbfisica.org.br\/v1\/sbf\/wp-json\/wp\/v2\/media\/21265"}],"wp:attachment":[{"href":"https:\/\/www.sbfisica.org.br\/v1\/sbf\/wp-json\/wp\/v2\/media?parent=23221"}],"wp:term":[{"taxonomy":"category","embeddable":true,"href":"https:\/\/www.sbfisica.org.br\/v1\/sbf\/wp-json\/wp\/v2\/categories?post=23221"},{"taxonomy":"post_tag","embeddable":true,"href":"https:\/\/www.sbfisica.org.br\/v1\/sbf\/wp-json\/wp\/v2\/tags?post=23221"}],"curies":[{"name":"wp","href":"https:\/\/api.w.org\/{rel}","templated":true}]}}