{"id":23201,"date":"2024-08-15T12:04:21","date_gmt":"2024-08-15T15:04:21","guid":{"rendered":"https:\/\/www.sbfisica.org.br\/v1\/sbf\/?p=23201"},"modified":"2024-08-15T12:06:08","modified_gmt":"2024-08-15T15:06:08","slug":"universo-no-parque-luciana-thomaz-fala-sobre-a-mata-atlantica","status":"publish","type":"post","link":"https:\/\/www.sbfisica.org.br\/v1\/sbf\/universo-no-parque-luciana-thomaz-fala-sobre-a-mata-atlantica\/","title":{"rendered":"\u00a0Universo no Parque: Luciana Thomaz fala sobre a Mata Atl\u00e2ntica"},"content":{"rendered":"\n<p>O projeto &#8220;Universo no Parque&#8221; contar\u00e1, neste s\u00e1bado, dia 17\/08, \u00e0s 10h, na Pra\u00e7a da. Ci\u00eancia, Enseada do Su\u00e1, em Vit\u00f3ria, com a palestra de Luciana Thomaz (UFES) intitulada&#8221;<\/p>\n\n\n\n<p>Que Mata \u00e9 essa? Um olhar sobre a Mata Atl\u00e2ntica&#8221;<br>O projeto &#8220;Universo no Parque&#8221; \u00e9 uma iniciativa do N\u00facleo de Astrof\u00edsica e Cosmologia da UFES (N\u00facleo Cosmo-ufes).<\/p>\n\n\n\n<p><strong>Palestrante:<\/strong>&nbsp;Luciana Dias Thomaz (UFES)<br><strong>T\u00edtulo:<\/strong>&nbsp;Que Mata \u00e9 essa? Um olhar sobre a Mata Atl\u00e2ntica<br><strong>Local:&nbsp;<\/strong>Pra\u00e7a da Ci\u00eancia, Enseada do Su\u00e1, Vit\u00f3ria, ES.<br><strong>Dia e hor\u00e1rio:&nbsp;<\/strong>S\u00e1bado, 17\/08\/2024, 10 h.<\/p>\n\n\n\n<div data-wp-interactive=\"core\/file\" class=\"wp-block-file\"><object data-wp-bind--hidden=\"!state.hasPdfPreview\" hidden class=\"wp-block-file__embed\" data=\"https:\/\/www.sbfisica.org.br\/v1\/sbf\/wp-content\/uploads\/2024\/08\/Luciana-UP-cartaz-A4.pdf\" type=\"application\/pdf\" style=\"width:100%;height:600px\" aria-label=\"Incorporado de Luciana-UP-cartaz-A4.\"><\/object><a id=\"wp-block-file--media-690cec67-b9d9-4a07-a7d5-13539a712fd9\" href=\"https:\/\/www.sbfisica.org.br\/v1\/sbf\/wp-content\/uploads\/2024\/08\/Luciana-UP-cartaz-A4.pdf\">Luciana-UP-cartaz-A4<\/a><a href=\"https:\/\/www.sbfisica.org.br\/v1\/sbf\/wp-content\/uploads\/2024\/08\/Luciana-UP-cartaz-A4.pdf\" class=\"wp-block-file__button wp-element-button\" download aria-describedby=\"wp-block-file--media-690cec67-b9d9-4a07-a7d5-13539a712fd9\">Baixar<\/a><\/div>\n","protected":false},"excerpt":{"rendered":"<p>O projeto &#8220;Universo no Parque&#8221; contar\u00e1, neste s\u00e1bado, dia 17\/08, \u00e0s 10h, na Pra\u00e7a da. Ci\u00eancia, Enseada do Su\u00e1, em Vit\u00f3ria, com a palestra de Luciana Thomaz (UFES) intitulada&#8221; Que Mata \u00e9 essa? Um olhar sobre a Mata Atl\u00e2ntica&#8221;O projeto &#8220;Universo no Parque&#8221; \u00e9 uma iniciativa do N\u00facleo de Astrof\u00edsica e Cosmologia da UFES (N\u00facleo [&hellip;]<\/p>\n","protected":false},"author":4,"featured_media":16567,"comment_status":"open","ping_status":"open","sticky":false,"template":"","format":"standard","meta":{"footnotes":""},"categories":[461],"tags":[],"class_list":["post-23201","post","type-post","status-publish","format-standard","has-post-thumbnail","hentry","category-eventos"],"aioseo_notices":[],"_links":{"self":[{"href":"https:\/\/www.sbfisica.org.br\/v1\/sbf\/wp-json\/wp\/v2\/posts\/23201","targetHints":{"allow":["GET"]}}],"collection":[{"href":"https:\/\/www.sbfisica.org.br\/v1\/sbf\/wp-json\/wp\/v2\/posts"}],"about":[{"href":"https:\/\/www.sbfisica.org.br\/v1\/sbf\/wp-json\/wp\/v2\/types\/post"}],"author":[{"embeddable":true,"href":"https:\/\/www.sbfisica.org.br\/v1\/sbf\/wp-json\/wp\/v2\/users\/4"}],"replies":[{"embeddable":true,"href":"https:\/\/www.sbfisica.org.br\/v1\/sbf\/wp-json\/wp\/v2\/comments?post=23201"}],"version-history":[{"count":2,"href":"https:\/\/www.sbfisica.org.br\/v1\/sbf\/wp-json\/wp\/v2\/posts\/23201\/revisions"}],"predecessor-version":[{"id":23205,"href":"https:\/\/www.sbfisica.org.br\/v1\/sbf\/wp-json\/wp\/v2\/posts\/23201\/revisions\/23205"}],"wp:featuredmedia":[{"embeddable":true,"href":"https:\/\/www.sbfisica.org.br\/v1\/sbf\/wp-json\/wp\/v2\/media\/16567"}],"wp:attachment":[{"href":"https:\/\/www.sbfisica.org.br\/v1\/sbf\/wp-json\/wp\/v2\/media?parent=23201"}],"wp:term":[{"taxonomy":"category","embeddable":true,"href":"https:\/\/www.sbfisica.org.br\/v1\/sbf\/wp-json\/wp\/v2\/categories?post=23201"},{"taxonomy":"post_tag","embeddable":true,"href":"https:\/\/www.sbfisica.org.br\/v1\/sbf\/wp-json\/wp\/v2\/tags?post=23201"}],"curies":[{"name":"wp","href":"https:\/\/api.w.org\/{rel}","templated":true}]}}