{"id":21643,"date":"2024-02-15T08:57:39","date_gmt":"2024-02-15T11:57:39","guid":{"rendered":"https:\/\/www.sbfisica.org.br\/v1\/sbf-wp2027\/?p=21643"},"modified":"2024-02-15T08:57:40","modified_gmt":"2024-02-15T11:57:40","slug":"dia-internacional-das-mulheres-e-meninas-na-ciencia","status":"publish","type":"post","link":"https:\/\/www.sbfisica.org.br\/v1\/sbf\/dia-internacional-das-mulheres-e-meninas-na-ciencia\/","title":{"rendered":"Dia Internacional das Mulheres e Meninas na Ci\u00eancia"},"content":{"rendered":"\n<p>No dia 11 de fevereiro \u00e9 comemorado o dia internacional das mulheres e meninas na ci\u00eancia. Dia implementado pela UNESCO e pela ONU-Mulheres, em colabora\u00e7\u00e3o com institui\u00e7\u00f5es e parceiros da sociedade civil que t\u00eam como objetivo fomentar o papel de mulheres e meninas na ci\u00eancia. Afinal, 33,3% \u00e9 a porcentagem m\u00e9dia global de pesquisadoras e apenas 35% de todos os estudantes das \u00e1reas de STEM (\u00e1reas de ci\u00eancia, tecnologia, engenharia e matem\u00e1tica) s\u00e3o mulheres.<\/p>\n\n\n\n<p>A maioria dos pa\u00edses, independentemente do seu n\u00edvel de desenvolvimento, n\u00e3o alcan\u00e7ou a igualdade de g\u00eanero nas \u00e1reas de STEM. A discrimina\u00e7\u00e3o contra mulheres na ci\u00eancia e na tecnologia resulta de s\u00e9culos de patriarcado, discrimina\u00e7\u00e3o e estere\u00f3tipos. Desta forma, a agenda 2030 da UNESCO inclui o compromisso de \u201cn\u00e3o deixar ningu\u00e9m para tr\u00e1s\u201d para lan\u00e7ar luz sobre as desigualdades interligadas, por meio de coleta e an\u00e1lise de dados desagregados por sexo, idade, renda, defici\u00eancia, etnia e outros fatores relevantes. N\u00f3s, da comiss\u00e3o de Justi\u00e7a, Equidade, Diversidade e Inclus\u00e3o (JEDI) temos um compromisso permanente com esta luta.<\/p>\n","protected":false},"excerpt":{"rendered":"<p>No dia 11 de fevereiro \u00e9 comemorado o dia internacional das mulheres e meninas na ci\u00eancia. Dia implementado pela UNESCO e pela ONU-Mulheres, em colabora\u00e7\u00e3o com institui\u00e7\u00f5es e parceiros da sociedade civil que t\u00eam como objetivo fomentar o papel de mulheres e meninas na ci\u00eancia. Afinal, 33,3% \u00e9 a porcentagem m\u00e9dia global de pesquisadoras e [&hellip;]<\/p>\n","protected":false},"author":3,"featured_media":21644,"comment_status":"open","ping_status":"open","sticky":false,"template":"","format":"standard","meta":{"footnotes":""},"categories":[127],"tags":[],"class_list":["post-21643","post","type-post","status-publish","format-standard","has-post-thumbnail","hentry","category-acontece-na-sbf"],"aioseo_notices":[],"_links":{"self":[{"href":"https:\/\/www.sbfisica.org.br\/v1\/sbf\/wp-json\/wp\/v2\/posts\/21643","targetHints":{"allow":["GET"]}}],"collection":[{"href":"https:\/\/www.sbfisica.org.br\/v1\/sbf\/wp-json\/wp\/v2\/posts"}],"about":[{"href":"https:\/\/www.sbfisica.org.br\/v1\/sbf\/wp-json\/wp\/v2\/types\/post"}],"author":[{"embeddable":true,"href":"https:\/\/www.sbfisica.org.br\/v1\/sbf\/wp-json\/wp\/v2\/users\/3"}],"replies":[{"embeddable":true,"href":"https:\/\/www.sbfisica.org.br\/v1\/sbf\/wp-json\/wp\/v2\/comments?post=21643"}],"version-history":[{"count":1,"href":"https:\/\/www.sbfisica.org.br\/v1\/sbf\/wp-json\/wp\/v2\/posts\/21643\/revisions"}],"predecessor-version":[{"id":21645,"href":"https:\/\/www.sbfisica.org.br\/v1\/sbf\/wp-json\/wp\/v2\/posts\/21643\/revisions\/21645"}],"wp:featuredmedia":[{"embeddable":true,"href":"https:\/\/www.sbfisica.org.br\/v1\/sbf\/wp-json\/wp\/v2\/media\/21644"}],"wp:attachment":[{"href":"https:\/\/www.sbfisica.org.br\/v1\/sbf\/wp-json\/wp\/v2\/media?parent=21643"}],"wp:term":[{"taxonomy":"category","embeddable":true,"href":"https:\/\/www.sbfisica.org.br\/v1\/sbf\/wp-json\/wp\/v2\/categories?post=21643"},{"taxonomy":"post_tag","embeddable":true,"href":"https:\/\/www.sbfisica.org.br\/v1\/sbf\/wp-json\/wp\/v2\/tags?post=21643"}],"curies":[{"name":"wp","href":"https:\/\/api.w.org\/{rel}","templated":true}]}}