{"id":21534,"date":"2023-11-23T09:34:13","date_gmt":"2023-11-23T12:34:13","guid":{"rendered":"https:\/\/www.sbfisica.org.br\/v1\/sbf-wp2027\/?p=21534"},"modified":"2024-08-21T11:21:21","modified_gmt":"2024-08-21T14:21:21","slug":"o-fonlifi-se-reuni-para-eleger-sua-nova-presidencia","status":"publish","type":"post","link":"https:\/\/www.sbfisica.org.br\/v1\/sbf\/o-fonlifi-se-reuni-para-eleger-sua-nova-presidencia\/","title":{"rendered":"O FONLIFI se re\u00fane para eleger sua nova presid\u00eancia"},"content":{"rendered":"\n<p>Na pr\u00f3xima ter\u00e7a feira o f\u00f3rum se reunir\u00e1 para eleger sua presid\u00eancia, com base em seu <a href=\"\/v1\/\/sbf\/wp-content\/uploads\/2023\/11\/Estatuto-do-FONLIFI-14-DEZ-2021.pdf\" target=\"_blank\" rel=\"noopener\">estatuto<\/a>, para o pr\u00f3ximo bi\u00eanio. A presen\u00e7a dos coordenadores dos cursos de Licenciatura em F\u00edsica \u00e9 essencial para contribuir com ideias, votar e garantir a representa\u00e7\u00e3o democr\u00e1tica de nossos interesses diante dos desafios que impactam as Licenciaturas em F\u00edsica em todo o pa\u00eds. Durante a se\u00e7\u00e3o ser\u00e1 apresentado o documento colaborativo sobre \u201c<a href=\"\/v1\/sbf\/wp-content\/uploads\/2023\/11\/A-identidade-das-Licenciaturas-em-Fisica.pdf\" target=\"_blank\" rel=\"noopener\">A Identidade das Licenciaturas em F\u00edsica<\/a>\u201d para aprova\u00e7\u00e3o. A reuni\u00e3o ser\u00e1 conduzida de forma remota.<\/p>\n\n\n\n<p>Link da videochamada: <a href=\"https:\/\/meet.google.com\/iih-qwud-ohg\">https:\/\/meet.google.com\/iih-qwud-ohg<\/a>&nbsp;<\/p>\n\n\n\n<p>Data: 28 de novembro (ter\u00e7a feira)<\/p>\n\n\n\n<p>Hor\u00e1rio: 16:00 \u00e0s 18:00 h<\/p>\n\n\n\n<p>Agradecemos \u00e0 todas(os) que contribuem para o sucesso do FONLIFI, especialmente \u00e0 SBF pelo apoio.<\/p>\n\n\n\n<p>Edson Firmino Viana de Carvalho (UFMA) \u2013 Presidente<br>George Kouzo Shinomiya (UESC) \u2013 Vice Presidente<br>Aline Portella Biscaino (UFFS) \u2013 Secret\u00e1ria<br>Marcos Fernando Soares Alves (IFPR) \u2013 Secret\u00e1rio<\/p>\n","protected":false},"excerpt":{"rendered":"<p>Na pr\u00f3xima ter\u00e7a feira o f\u00f3rum se reunir\u00e1 para eleger sua presid\u00eancia, com base em seu estatuto, para o pr\u00f3ximo bi\u00eanio. A presen\u00e7a dos coordenadores dos cursos de Licenciatura em F\u00edsica \u00e9 essencial para contribuir com ideias, votar e garantir a representa\u00e7\u00e3o democr\u00e1tica de nossos interesses diante dos desafios que impactam as Licenciaturas em F\u00edsica [&hellip;]<\/p>\n","protected":false},"author":3,"featured_media":19705,"comment_status":"open","ping_status":"open","sticky":false,"template":"","format":"standard","meta":{"footnotes":""},"categories":[127],"tags":[],"class_list":["post-21534","post","type-post","status-publish","format-standard","has-post-thumbnail","hentry","category-acontece-na-sbf"],"aioseo_notices":[],"_links":{"self":[{"href":"https:\/\/www.sbfisica.org.br\/v1\/sbf\/wp-json\/wp\/v2\/posts\/21534","targetHints":{"allow":["GET"]}}],"collection":[{"href":"https:\/\/www.sbfisica.org.br\/v1\/sbf\/wp-json\/wp\/v2\/posts"}],"about":[{"href":"https:\/\/www.sbfisica.org.br\/v1\/sbf\/wp-json\/wp\/v2\/types\/post"}],"author":[{"embeddable":true,"href":"https:\/\/www.sbfisica.org.br\/v1\/sbf\/wp-json\/wp\/v2\/users\/3"}],"replies":[{"embeddable":true,"href":"https:\/\/www.sbfisica.org.br\/v1\/sbf\/wp-json\/wp\/v2\/comments?post=21534"}],"version-history":[{"count":2,"href":"https:\/\/www.sbfisica.org.br\/v1\/sbf\/wp-json\/wp\/v2\/posts\/21534\/revisions"}],"predecessor-version":[{"id":23308,"href":"https:\/\/www.sbfisica.org.br\/v1\/sbf\/wp-json\/wp\/v2\/posts\/21534\/revisions\/23308"}],"wp:featuredmedia":[{"embeddable":true,"href":"https:\/\/www.sbfisica.org.br\/v1\/sbf\/wp-json\/wp\/v2\/media\/19705"}],"wp:attachment":[{"href":"https:\/\/www.sbfisica.org.br\/v1\/sbf\/wp-json\/wp\/v2\/media?parent=21534"}],"wp:term":[{"taxonomy":"category","embeddable":true,"href":"https:\/\/www.sbfisica.org.br\/v1\/sbf\/wp-json\/wp\/v2\/categories?post=21534"},{"taxonomy":"post_tag","embeddable":true,"href":"https:\/\/www.sbfisica.org.br\/v1\/sbf\/wp-json\/wp\/v2\/tags?post=21534"}],"curies":[{"name":"wp","href":"https:\/\/api.w.org\/{rel}","templated":true}]}}