{"id":21227,"date":"2023-08-23T10:25:40","date_gmt":"2023-08-23T13:25:40","guid":{"rendered":"https:\/\/www.sbfisica.org.br\/v1\/sbf-wp2027\/?p=21227"},"modified":"2023-08-23T10:25:42","modified_gmt":"2023-08-23T13:25:42","slug":"a-identidade-das-licenciaturas-em-fisica","status":"publish","type":"post","link":"https:\/\/www.sbfisica.org.br\/v1\/sbf\/a-identidade-das-licenciaturas-em-fisica\/","title":{"rendered":"A Identidade das Licenciaturas em F\u00edsica"},"content":{"rendered":"\n<p>Ap\u00f3s ter constru\u00eddo um <a href=\"\/v1\/sbf\/wp-content\/uploads\/2023\/08\/acontece-fonlifi-20230823.pdf\" target=\"_blank\" rel=\"noopener\">documento<\/a> sobre a atua\u00e7\u00e3o do professor de F\u00edsica nos anos finais do <strong>Ensino Fundamental<\/strong>, o FONLIFI discutir\u00e1 a partir desta reuni\u00e3o a identidade das Licenciaturas em F\u00edsica e de seus egressos. A reuni\u00e3o ser\u00e1 realizada de forma remota.<\/p>\n\n\n\n<p>Link da videochamada: Reuni\u00e3o &#8211; FONLIFI<br>Ter\u00e7a-feira, 29 de agosto \u00b7 4:00 at\u00e9 6:00pm<br>Link da videochamada: <a href=\"https:\/\/meet.google.com\/kae-hqkm-sun\">https:\/\/meet.google.com\/kae-hqkm-sun<\/a>&nbsp;<\/p>\n\n\n\n<p>Data: 29 de agosto (ter\u00e7a feira)<br>Hor\u00e1rio: 16:00 \u00e0s 18:00 h<\/p>\n\n\n\n<p>Agradecemos \u00e0 todas(os) que contribuem para o sucesso do FONLIFI, especialmente \u00e0 SBF pelo apoio.<\/p>\n\n\n\n<p>Edson Firmino Viana de Carvalho (UFMA) \u2013 Presidente<br>George Kouzo Shinomiya (UESC) \u2013 Vice Presidente<br>Aline Portella Biscaino (UFFS) \u2013 Secret\u00e1ria<br>Marcos Fernando Soares Alves (IFPR) \u2013 Secret\u00e1rio<\/p>\n","protected":false},"excerpt":{"rendered":"<p>Ap\u00f3s ter constru\u00eddo um documento sobre a atua\u00e7\u00e3o do professor de F\u00edsica nos anos finais do Ensino Fundamental, o FONLIFI discutir\u00e1 a partir desta reuni\u00e3o a identidade das Licenciaturas em F\u00edsica e de seus egressos. A reuni\u00e3o ser\u00e1 realizada de forma remota. Link da videochamada: Reuni\u00e3o &#8211; FONLIFITer\u00e7a-feira, 29 de agosto \u00b7 4:00 at\u00e9 6:00pmLink [&hellip;]<\/p>\n","protected":false},"author":3,"featured_media":19705,"comment_status":"open","ping_status":"open","sticky":false,"template":"","format":"standard","meta":{"footnotes":""},"categories":[127],"tags":[],"class_list":["post-21227","post","type-post","status-publish","format-standard","has-post-thumbnail","hentry","category-acontece-na-sbf"],"aioseo_notices":[],"_links":{"self":[{"href":"https:\/\/www.sbfisica.org.br\/v1\/sbf\/wp-json\/wp\/v2\/posts\/21227","targetHints":{"allow":["GET"]}}],"collection":[{"href":"https:\/\/www.sbfisica.org.br\/v1\/sbf\/wp-json\/wp\/v2\/posts"}],"about":[{"href":"https:\/\/www.sbfisica.org.br\/v1\/sbf\/wp-json\/wp\/v2\/types\/post"}],"author":[{"embeddable":true,"href":"https:\/\/www.sbfisica.org.br\/v1\/sbf\/wp-json\/wp\/v2\/users\/3"}],"replies":[{"embeddable":true,"href":"https:\/\/www.sbfisica.org.br\/v1\/sbf\/wp-json\/wp\/v2\/comments?post=21227"}],"version-history":[{"count":1,"href":"https:\/\/www.sbfisica.org.br\/v1\/sbf\/wp-json\/wp\/v2\/posts\/21227\/revisions"}],"predecessor-version":[{"id":21228,"href":"https:\/\/www.sbfisica.org.br\/v1\/sbf\/wp-json\/wp\/v2\/posts\/21227\/revisions\/21228"}],"wp:featuredmedia":[{"embeddable":true,"href":"https:\/\/www.sbfisica.org.br\/v1\/sbf\/wp-json\/wp\/v2\/media\/19705"}],"wp:attachment":[{"href":"https:\/\/www.sbfisica.org.br\/v1\/sbf\/wp-json\/wp\/v2\/media?parent=21227"}],"wp:term":[{"taxonomy":"category","embeddable":true,"href":"https:\/\/www.sbfisica.org.br\/v1\/sbf\/wp-json\/wp\/v2\/categories?post=21227"},{"taxonomy":"post_tag","embeddable":true,"href":"https:\/\/www.sbfisica.org.br\/v1\/sbf\/wp-json\/wp\/v2\/tags?post=21227"}],"curies":[{"name":"wp","href":"https:\/\/api.w.org\/{rel}","templated":true}]}}