{"id":21046,"date":"2023-07-06T13:57:02","date_gmt":"2023-07-06T16:57:02","guid":{"rendered":"https:\/\/www.sbfisica.org.br\/v1\/sbf-wp2027\/?p=21046"},"modified":"2023-07-06T13:57:03","modified_gmt":"2023-07-06T16:57:03","slug":"raissa-fernandes-pessoa-mendes-vence-o-premio-carolina-nemes-de-2022","status":"publish","type":"post","link":"https:\/\/www.sbfisica.org.br\/v1\/sbf\/raissa-fernandes-pessoa-mendes-vence-o-premio-carolina-nemes-de-2022\/","title":{"rendered":"Raissa Fernandes Pessoa Mendes vence o Pr\u00eamio Carolina Nemes de 2022"},"content":{"rendered":"\n<p><em>Cientista estuda Astrof\u00edsica Relativ\u00edstica e explora o potencial das observa\u00e7\u00f5es presentes e futuras de objetos compactos como estrelas de n\u00eautrons e buracos negros<\/em><\/p>\n\n\n\n<p>O Pr\u00eamio Carolina Nemes teve como vencedora Raissa Fernandes Pessoa Mendes, professora adjunta na Universidade Federal Fluminense (UFF). O pr\u00eamio, concedido pela Sociedade Brasileira de F\u00edsica (SBF), \u00e9 uma homenagem \u00e0 f\u00edsica Carolina Nemes, falecida em 2013, que teve atua\u00e7\u00e3o marcante no estudo da F\u00edsica Qu\u00e2ntica. O pr\u00eamio foi criado com apoio do Grupo de Trabalho para Quest\u00f5es de G\u00eanero (GTG), que deu origem \u00e0 JEDI (Comiss\u00e3o de Justi\u00e7a, Equidade, Diversidade e Inclus\u00e3o), com objetivo de reconhecer as contribui\u00e7\u00f5es femininas para o desenvolvimento da f\u00edsica brasileira, bem como contribuir para diminuir a vis\u00edvel assimetria de g\u00eanero na f\u00edsica. O pr\u00eamio ser\u00e1 celebrado em reuni\u00e3o online da Assembleia Geral Ordin\u00e1ria da SBF, a ser realizada no dia 19 de julho, \u00e0s 9h00.<\/p>\n\n\n\n<p>O Pr\u00eamio Carolina Nemes \u00e9 outorgado a mulheres f\u00edsicas em in\u00edcio da carreira (que tenham conclu\u00eddo o doutorado, no m\u00e1ximo, h\u00e1 at\u00e9 10 anos no ano da premia\u00e7\u00e3o) cujo trabalho de pesquisa tenha contribu\u00eddo de forma significativa para o avan\u00e7o da f\u00edsica ou do ensino de f\u00edsica no Pa\u00eds. \u201cConclu\u00ed meu doutorado em julho de 2014, sob a orienta\u00e7\u00e3o do Prof. Dr. George E. A. Matsas, no IFT-UNESP. De setembro de 2014 a janeiro de 2017, realizei um p\u00f3s-doutorado na University of Guelph (Guelph, ON, Canad\u00e1), sob a supervis\u00e3o do Prof. Dr. Eric Poisson. Fui contemplada inicialmente com uma bolsa do programa Ci\u00eancia sem Fronteiras, e, em seguida, com uma \u2018National Fellowship\u2019 do Canadian Institute for Theoretical Astrophysics (CITA). Nesse per\u00edodo, tamb\u00e9m me associei ao Perimeter Institute for Theoretical Physics (Waterloo, ON, Canad\u00e1)\u201d, explica Raissa, em carta \u00e0 comiss\u00e3o julgadora.<\/p>\n\n\n\n<p>Segundo ela, desde 2019 atua como Bolsista de Produtividade em Pesquisa 2 (CNPq). Em 2022, a convite, associou-se ao Centro Brasileiro de Pesquisas F\u00edsicas (CBPF) como \u201ccolaboradora externa\u201d, passando a tamb\u00e9m orientar estudantes de p\u00f3s-gradua\u00e7\u00e3o dessa institui\u00e7\u00e3o. \u201cAo longo do mestrado e doutorado, me aprofundei na \u00e1rea de Teoria Qu\u00e2ntica de Campos em Espa\u00e7os Curvos, um formalismo apropriado para a descri\u00e7\u00e3o de situa\u00e7\u00f5es em que as propriedades qu\u00e2nticas da mat\u00e9ria s\u00e3o relevantes, mas em que o espa\u00e7o-tempo ainda pode ser tratado classicamente. Constitui-se, assim, como uma primeira interface entre gravita\u00e7\u00e3o e mec\u00e2nica qu\u00e2ntica, com o potencial de revelar efeitos norteadores na busca de uma descri\u00e7\u00e3o unificada dessas teorias notoriamente d\u00edspares.\u201d<\/p>\n\n\n\n<p>Segundo ela, com a primeira detec\u00e7\u00e3o direta de ondas gravitacionais, em setembro de 2015, e o reconhecimento do potencial dessa nova janela de observa\u00e7\u00f5es do universo para o aprofundamento do nosso entendimento das mais variadas quest\u00f5es, \u201cmeus interesses de pesquisa migraram para a \u00e1rea de Astrof\u00edsica Relativ\u00edstica\u201d. E atualmente, Raissa tem como objetivo explorar o pleno potencial das observa\u00e7\u00f5es presentes e futuras de objetos compactos como estrelas de n\u00eautrons e buracos negros para testes do modelo padr\u00e3o (de gravita\u00e7\u00e3o e part\u00edculas) e suas poss\u00edveis extens\u00f5es.<\/p>\n","protected":false},"excerpt":{"rendered":"<p>Cientista estuda Astrof\u00edsica Relativ\u00edstica e explora o potencial das observa\u00e7\u00f5es presentes e futuras de objetos compactos como estrelas de n\u00eautrons e buracos negros O Pr\u00eamio Carolina Nemes teve como vencedora Raissa Fernandes Pessoa Mendes, professora adjunta na Universidade Federal Fluminense (UFF). O pr\u00eamio, concedido pela Sociedade Brasileira de F\u00edsica (SBF), \u00e9 uma homenagem \u00e0 f\u00edsica [&hellip;]<\/p>\n","protected":false},"author":3,"featured_media":19865,"comment_status":"open","ping_status":"open","sticky":false,"template":"","format":"standard","meta":{"footnotes":""},"categories":[127],"tags":[],"class_list":["post-21046","post","type-post","status-publish","format-standard","has-post-thumbnail","hentry","category-acontece-na-sbf"],"aioseo_notices":[],"_links":{"self":[{"href":"https:\/\/www.sbfisica.org.br\/v1\/sbf\/wp-json\/wp\/v2\/posts\/21046","targetHints":{"allow":["GET"]}}],"collection":[{"href":"https:\/\/www.sbfisica.org.br\/v1\/sbf\/wp-json\/wp\/v2\/posts"}],"about":[{"href":"https:\/\/www.sbfisica.org.br\/v1\/sbf\/wp-json\/wp\/v2\/types\/post"}],"author":[{"embeddable":true,"href":"https:\/\/www.sbfisica.org.br\/v1\/sbf\/wp-json\/wp\/v2\/users\/3"}],"replies":[{"embeddable":true,"href":"https:\/\/www.sbfisica.org.br\/v1\/sbf\/wp-json\/wp\/v2\/comments?post=21046"}],"version-history":[{"count":1,"href":"https:\/\/www.sbfisica.org.br\/v1\/sbf\/wp-json\/wp\/v2\/posts\/21046\/revisions"}],"predecessor-version":[{"id":21047,"href":"https:\/\/www.sbfisica.org.br\/v1\/sbf\/wp-json\/wp\/v2\/posts\/21046\/revisions\/21047"}],"wp:featuredmedia":[{"embeddable":true,"href":"https:\/\/www.sbfisica.org.br\/v1\/sbf\/wp-json\/wp\/v2\/media\/19865"}],"wp:attachment":[{"href":"https:\/\/www.sbfisica.org.br\/v1\/sbf\/wp-json\/wp\/v2\/media?parent=21046"}],"wp:term":[{"taxonomy":"category","embeddable":true,"href":"https:\/\/www.sbfisica.org.br\/v1\/sbf\/wp-json\/wp\/v2\/categories?post=21046"},{"taxonomy":"post_tag","embeddable":true,"href":"https:\/\/www.sbfisica.org.br\/v1\/sbf\/wp-json\/wp\/v2\/tags?post=21046"}],"curies":[{"name":"wp","href":"https:\/\/api.w.org\/{rel}","templated":true}]}}