{"id":20764,"date":"2023-05-18T16:05:50","date_gmt":"2023-05-18T19:05:50","guid":{"rendered":"https:\/\/www.sbfisica.org.br\/v1\/sbf-wp2027\/?p=20764"},"modified":"2023-05-18T16:05:52","modified_gmt":"2023-05-18T19:05:52","slug":"diretoria-da-sbf-busca-em-brasilia-apoio-a-criacao-dos-conselhos-federal-e-regional-de-fisica","status":"publish","type":"post","link":"https:\/\/www.sbfisica.org.br\/v1\/sbf\/diretoria-da-sbf-busca-em-brasilia-apoio-a-criacao-dos-conselhos-federal-e-regional-de-fisica\/","title":{"rendered":"Diretoria da SBF busca em Bras\u00edlia apoio \u00e0 cria\u00e7\u00e3o dos Conselhos Federal e Regional de F\u00edsica"},"content":{"rendered":"\n<p>Projeto de Lei criado no ano passado est\u00e1 na Comiss\u00e3o de Trabalho da C\u00e2mara<\/p>\n\n\n\n<p>O presidente da Sociedade Brasileira de F\u00edsica (SBF), Rodrigo Capaz, participou na quarta-feira de uma reuni\u00e3o em Bras\u00edlia para buscar apoio \u00e0 tramita\u00e7\u00e3o do Projeto de Lei 1802\/22, que cria os Conselhos Federal e Regional de F\u00edsica. Capaz se reuniu com a ministra da Ci\u00eancia e Tecnologia, Luciana Santos, representantes da Associa\u00e7\u00e3o Brasileira de F\u00edsica M\u00e9dica (ABFM) e o deputado federal Daniel Almeida (PCdoB-BA), autor do projeto, que est\u00e1 desde julho na Comiss\u00e3o de Trabalho da C\u00e2mara.<\/p>\n\n\n\n<p>A cria\u00e7\u00e3o dos Conselhos de F\u00edsica tem por objetivo complementar e operacionalizar a regulamenta\u00e7\u00e3o da profiss\u00e3o de F\u00edsico, ocorrida em 2018, como <a href=\"https:\/\/sbfisica.org.br\/v1\/sbf\/tire-suas-duvidas-sobre-a-regulamentacao-da-profissao-de-fisico\/\" target=\"_blank\" rel=\"noopener\" title=\"\">detalhado no site da Sociedade Brasileira de F\u00edsica<\/a>. A import\u00e2ncia da cria\u00e7\u00e3o dos Conselhos, especialmente para a \u00e1rea de F\u00edsica M\u00e9dica e para os f\u00edsicos que atuam em empresas, foi recentemente discutida em <a href=\"https:\/\/sbfisica.org.br\/v1\/sbf\/fisica-ao-vivo-amando-siuiti-ito-e-renato-dimenstein-processo-de-criacao-do-conselho-federal-de-fisica\/\" target=\"_blank\" rel=\"noopener\" title=\"\">uma das edi\u00e7\u00f5es do programa &#8220;F\u00edsica ao Vivo&#8221;<\/a>.<\/p>\n\n\n\n<p>O Conselho Federal, com sede em Bras\u00edlia, atuar\u00e1 como autarquia, com autonomia administrativa e financiado por recursos pr\u00f3prios. Entre as fun\u00e7\u00f5es do novo \u00f3rg\u00e3o est\u00e1 a defini\u00e7\u00e3o da qualifica\u00e7\u00e3o m\u00ednima para exercer a profiss\u00e3o e a tabela salarial.<\/p>\n\n\n\n<p>Em an\u00e1lise na C\u00e2mara dos Deputados, a proposta tamb\u00e9m prev\u00ea a cria\u00e7\u00e3o de conselhos regionais, nos quais os profissionais devem estar registrados para atuarem como f\u00edsicos.<\/p>\n\n\n\n<p>&#8220;A aus\u00eancia de um \u00f3rg\u00e3o fiscalizador e profissionalizante pode gerar riscos irrepar\u00e1veis \u00e0 coletividade. No caso da f\u00edsica m\u00e9dica, em especial, isso pode resultar na morte de um indiv\u00edduo ou grupo de indiv\u00edduos&#8221;, sustenta o autor do projeto, o deputado, em entrevista \u00e0 Ag\u00eancia C\u00e2mara de Not\u00edcias.<\/p>\n\n\n\n<p>O texto enumera as \u00e1reas de atua\u00e7\u00e3o do f\u00edsico, bem como suas atribui\u00e7\u00f5es, as quais j\u00e1 est\u00e3o previstas na lei que regulamenta o exerc\u00edcio da profiss\u00e3o (Lei 13.691\/18).<\/p>\n\n\n\n<p><em><strong>Sociedade&nbsp; Brasileira de F\u00edsica<\/strong><\/em><\/p>\n","protected":false},"excerpt":{"rendered":"<p>Projeto de Lei criado no ano passado est\u00e1 na Comiss\u00e3o de Trabalho da C\u00e2mara O presidente da Sociedade Brasileira de F\u00edsica (SBF), Rodrigo Capaz, participou na quarta-feira de uma reuni\u00e3o em Bras\u00edlia para buscar apoio \u00e0 tramita\u00e7\u00e3o do Projeto de Lei 1802\/22, que cria os Conselhos Federal e Regional de F\u00edsica. Capaz se reuniu com [&hellip;]<\/p>\n","protected":false},"author":3,"featured_media":20765,"comment_status":"open","ping_status":"open","sticky":false,"template":"","format":"standard","meta":{"footnotes":""},"categories":[127],"tags":[],"class_list":["post-20764","post","type-post","status-publish","format-standard","has-post-thumbnail","hentry","category-acontece-na-sbf"],"aioseo_notices":[],"_links":{"self":[{"href":"https:\/\/www.sbfisica.org.br\/v1\/sbf\/wp-json\/wp\/v2\/posts\/20764","targetHints":{"allow":["GET"]}}],"collection":[{"href":"https:\/\/www.sbfisica.org.br\/v1\/sbf\/wp-json\/wp\/v2\/posts"}],"about":[{"href":"https:\/\/www.sbfisica.org.br\/v1\/sbf\/wp-json\/wp\/v2\/types\/post"}],"author":[{"embeddable":true,"href":"https:\/\/www.sbfisica.org.br\/v1\/sbf\/wp-json\/wp\/v2\/users\/3"}],"replies":[{"embeddable":true,"href":"https:\/\/www.sbfisica.org.br\/v1\/sbf\/wp-json\/wp\/v2\/comments?post=20764"}],"version-history":[{"count":1,"href":"https:\/\/www.sbfisica.org.br\/v1\/sbf\/wp-json\/wp\/v2\/posts\/20764\/revisions"}],"predecessor-version":[{"id":20766,"href":"https:\/\/www.sbfisica.org.br\/v1\/sbf\/wp-json\/wp\/v2\/posts\/20764\/revisions\/20766"}],"wp:featuredmedia":[{"embeddable":true,"href":"https:\/\/www.sbfisica.org.br\/v1\/sbf\/wp-json\/wp\/v2\/media\/20765"}],"wp:attachment":[{"href":"https:\/\/www.sbfisica.org.br\/v1\/sbf\/wp-json\/wp\/v2\/media?parent=20764"}],"wp:term":[{"taxonomy":"category","embeddable":true,"href":"https:\/\/www.sbfisica.org.br\/v1\/sbf\/wp-json\/wp\/v2\/categories?post=20764"},{"taxonomy":"post_tag","embeddable":true,"href":"https:\/\/www.sbfisica.org.br\/v1\/sbf\/wp-json\/wp\/v2\/tags?post=20764"}],"curies":[{"name":"wp","href":"https:\/\/api.w.org\/{rel}","templated":true}]}}