{"id":20759,"date":"2023-05-18T09:37:34","date_gmt":"2023-05-18T12:37:34","guid":{"rendered":"https:\/\/www.sbfisica.org.br\/v1\/sbf-wp2027\/?p=20759"},"modified":"2023-05-18T09:37:36","modified_gmt":"2023-05-18T12:37:36","slug":"snef-sera-realizado-em-8-nucleos-de-referencia-no-brasil-em-novembro","status":"publish","type":"post","link":"https:\/\/www.sbfisica.org.br\/v1\/sbf\/snef-sera-realizado-em-8-nucleos-de-referencia-no-brasil-em-novembro\/","title":{"rendered":"SNEF ser\u00e1 realizado em 8 N\u00facleos de Refer\u00eancia no Brasil em novembro"},"content":{"rendered":"\n<p><em>O evento ocorrer\u00e1 em 11 cidades do Pa\u00eds na busca de fortalecer o ensino de F\u00edsica ap\u00f3s a pandemia\u00a0<\/em><\/p>\n\n\n\n<p>A Comiss\u00e3o Organizadora Nacional do XXV Simp\u00f3sio Nacional de Ensino de F\u00edsica (XXV SNEF) anuncia os N\u00facleos de Refer\u00eancia (NRs) nos quais o evento ocorrer\u00e1 presencialmente entre 8 e 11 de novembro de 2023. O evento est\u00e1 sendo organizado pela Sociedade Brasileira de F\u00edsica (SBF) por meio da Comiss\u00e3o de \u00c1rea: Pesquisa em Ensino (CAPEF), da Secretaria para Assuntos de Ensino e Comiss\u00e3o de Reuni\u00f5es.<\/p>\n\n\n\n<p>A prolongada quarentena de Covid-19, em diferentes per\u00edodos nos \u00faltimos dois anos, impactou fortemente o Ensino de&nbsp; F\u00edsica. E, portanto, a SBF avalia que esse evento tem como objetivo celebrar nossa resili\u00eancia e fortalecer nosso compromisso a educa\u00e7\u00e3o e o ensino de F\u00edsica no Brasil.<\/p>\n\n\n\n<p>A seguir, voc\u00ea encontra as cidades naos quais haver\u00e1 um NR e se prepare para submeter trabalhos, propostas de minicursos e para participar das atividades nacionais e espec\u00edficas do seu NR. A p\u00e1gina do SNEF 2023 pode ser acessada em: <a href=\"http:\/\/www1.fisica.org.br\/~snef\/xxv\/index.php\/pt\/\">http:\/\/www1.fisica.org.br\/~snef\/xxv\/index.php\/pt\/<\/a><\/p>\n\n\n\n<p><strong>N\u00facleos de Refer\u00eancia<\/strong><\/p>\n\n\n\n<p>AM &#8211; Coari, Itacoatiara, Humait\u00e1 e Manaus<br>MA &#8211; S\u00e3o Lu\u00eds<br>MG &#8211; Juiz de Fora<br>PE &#8211; Caruaru<br>PR &#8211; Curitiba<br>RJ &#8211; Volta Redonda<br>RJ &#8211; Rio de Janeiro<br>RS &#8211; Santa Maria<\/p>\n","protected":false},"excerpt":{"rendered":"<p>O evento ocorrer\u00e1 em 11 cidades do Pa\u00eds na busca de fortalecer o ensino de F\u00edsica ap\u00f3s a pandemia\u00a0 A Comiss\u00e3o Organizadora Nacional do XXV Simp\u00f3sio Nacional de Ensino de F\u00edsica (XXV SNEF) anuncia os N\u00facleos de Refer\u00eancia (NRs) nos quais o evento ocorrer\u00e1 presencialmente entre 8 e 11 de novembro de 2023. O evento [&hellip;]<\/p>\n","protected":false},"author":3,"featured_media":20318,"comment_status":"open","ping_status":"open","sticky":false,"template":"","format":"standard","meta":{"footnotes":""},"categories":[127],"tags":[],"class_list":["post-20759","post","type-post","status-publish","format-standard","has-post-thumbnail","hentry","category-acontece-na-sbf"],"aioseo_notices":[],"_links":{"self":[{"href":"https:\/\/www.sbfisica.org.br\/v1\/sbf\/wp-json\/wp\/v2\/posts\/20759","targetHints":{"allow":["GET"]}}],"collection":[{"href":"https:\/\/www.sbfisica.org.br\/v1\/sbf\/wp-json\/wp\/v2\/posts"}],"about":[{"href":"https:\/\/www.sbfisica.org.br\/v1\/sbf\/wp-json\/wp\/v2\/types\/post"}],"author":[{"embeddable":true,"href":"https:\/\/www.sbfisica.org.br\/v1\/sbf\/wp-json\/wp\/v2\/users\/3"}],"replies":[{"embeddable":true,"href":"https:\/\/www.sbfisica.org.br\/v1\/sbf\/wp-json\/wp\/v2\/comments?post=20759"}],"version-history":[{"count":1,"href":"https:\/\/www.sbfisica.org.br\/v1\/sbf\/wp-json\/wp\/v2\/posts\/20759\/revisions"}],"predecessor-version":[{"id":20760,"href":"https:\/\/www.sbfisica.org.br\/v1\/sbf\/wp-json\/wp\/v2\/posts\/20759\/revisions\/20760"}],"wp:featuredmedia":[{"embeddable":true,"href":"https:\/\/www.sbfisica.org.br\/v1\/sbf\/wp-json\/wp\/v2\/media\/20318"}],"wp:attachment":[{"href":"https:\/\/www.sbfisica.org.br\/v1\/sbf\/wp-json\/wp\/v2\/media?parent=20759"}],"wp:term":[{"taxonomy":"category","embeddable":true,"href":"https:\/\/www.sbfisica.org.br\/v1\/sbf\/wp-json\/wp\/v2\/categories?post=20759"},{"taxonomy":"post_tag","embeddable":true,"href":"https:\/\/www.sbfisica.org.br\/v1\/sbf\/wp-json\/wp\/v2\/tags?post=20759"}],"curies":[{"name":"wp","href":"https:\/\/api.w.org\/{rel}","templated":true}]}}