{"id":20490,"date":"2023-03-07T09:36:38","date_gmt":"2023-03-07T12:36:38","guid":{"rendered":"https:\/\/sbfisica.org.br\/v1\/sbf\/?p=20490"},"modified":"2023-03-07T09:36:38","modified_gmt":"2023-03-07T12:36:38","slug":"ganhador-do-premio-joaquim-da-costa-ribeiro-2023","status":"publish","type":"post","link":"https:\/\/www.sbfisica.org.br\/v1\/sbf\/ganhador-do-premio-joaquim-da-costa-ribeiro-2023\/","title":{"rendered":"Ganhador do Pr\u00eamio Joaquim da Costa Ribeiro 2023"},"content":{"rendered":"\n<p>A SBF tem a honra de anunciar o ganhador do Pr\u00eamio Joaquim da Costa Ribeiro deste ano: o f\u00edsico Ado J\u00f3rio de Vasconcelos, pela excel\u00eancia de seus trabalhos cient\u00edficos reconhecidos internacionalmente, por sua contribui\u00e7\u00e3o ao desenvolvimento de institui\u00e7\u00f5es cient\u00edficas e seu papel pioneiro na F\u00edsica da Mat\u00e9ria Condensada no Brasil. O Pr\u00eamio Joaquim da Costa Ribeiro \u00e9 concedido anualmente a pesquisadores com reconhecida contribui\u00e7\u00e3o ao longo de sua carreira para a F\u00edsica da Mat\u00e9ria Condensada e de Materiais no Brasil.<\/p>\n\n\n\n<p>Ado J\u00f3rio nasceu em Belo Horizonte, em 1972. Possui gradua\u00e7\u00e3o (1994) e doutorado pela Universidade Federal de Minas Gerais (UFMG, 1999). Realizou est\u00e1gio de p\u00f3s-doutorado no Instituto de Tecnologia de Massachusetts (MIT), entre 2000 e 2001, nos Estados Unidos, onde trabalhou com espectroscopia Raman e propriedades \u00f3pticas de nanomateriais de carbono, sendo atualmente um dos maiores especialistas mundiais na investiga\u00e7\u00e3o de nanotubos carbono usando espectroscopia Raman. Ado J\u00f3rio \u00e9 Professor Titular no Departamento de F\u00edsica da UFMG publicou mais de 230 artigos cient\u00edficos em revistas internacionais, com mais de 56 mil cita\u00e7\u00f5es na base de dados do Google Acad\u00eamico. Mais recentemente diversificou suas atividades de pesquisa, incluindo o desenvolvimento de instrumenta\u00e7\u00e3o cient\u00edfica em \u00f3ptica para o estudo de nanoestruturas com aplica\u00e7\u00f5es em novos materiais e biomedicina. Nesse campo aplicado, registrou mais de 20 patentes. Ado J\u00f3rio \u00e9 s\u00f3cio da SBF e membro titular da Academia Brasileira de Ci\u00eancias. Entre suas condecora\u00e7\u00f5es e pr\u00eamios se destaca a Comenda da Ordem Nacional do M\u00e9rito Cient\u00edfico, al\u00e9m de pr\u00eamios internacionais: Somiya Award da International Union of Materials Reserach Societies, Scopus Brasil da Elsevier&amp;CAPES, International Centre for Theoretical Physics Prize, Georg Forster Research Award da Humboldt Foundation.<\/p>\n\n\n\n<p>A comiss\u00e3o julgadora do pr\u00eamio foi formada pelos Professores Sergio Rezende (UFPE), Olle Eriksson (Uppsala University) e Gerrit Bauer (Tohoku University and University of the Chinese Academy of Sciences). O pr\u00eamio ser\u00e1 entregue durante o Encontro de Outono da Sociedade Brasileira de F\u00edsica em Ouro Preto, MG, entre 21 e 25 de maio de 2023.<\/p>\n","protected":false},"excerpt":{"rendered":"<p>A SBF tem a honra de anunciar o ganhador do Pr\u00eamio Joaquim da Costa Ribeiro deste ano: o f\u00edsico Ado J\u00f3rio de Vasconcelos, pela excel\u00eancia de seus trabalhos cient\u00edficos reconhecidos internacionalmente, por sua contribui\u00e7\u00e3o ao desenvolvimento de institui\u00e7\u00f5es cient\u00edficas e seu papel pioneiro na F\u00edsica da Mat\u00e9ria Condensada no Brasil. O Pr\u00eamio Joaquim da Costa [&hellip;]<\/p>\n","protected":false},"author":3,"featured_media":20491,"comment_status":"open","ping_status":"open","sticky":false,"template":"","format":"standard","meta":{"footnotes":""},"categories":[127],"tags":[],"class_list":["post-20490","post","type-post","status-publish","format-standard","has-post-thumbnail","hentry","category-acontece-na-sbf"],"aioseo_notices":[],"_links":{"self":[{"href":"https:\/\/www.sbfisica.org.br\/v1\/sbf\/wp-json\/wp\/v2\/posts\/20490","targetHints":{"allow":["GET"]}}],"collection":[{"href":"https:\/\/www.sbfisica.org.br\/v1\/sbf\/wp-json\/wp\/v2\/posts"}],"about":[{"href":"https:\/\/www.sbfisica.org.br\/v1\/sbf\/wp-json\/wp\/v2\/types\/post"}],"author":[{"embeddable":true,"href":"https:\/\/www.sbfisica.org.br\/v1\/sbf\/wp-json\/wp\/v2\/users\/3"}],"replies":[{"embeddable":true,"href":"https:\/\/www.sbfisica.org.br\/v1\/sbf\/wp-json\/wp\/v2\/comments?post=20490"}],"version-history":[{"count":1,"href":"https:\/\/www.sbfisica.org.br\/v1\/sbf\/wp-json\/wp\/v2\/posts\/20490\/revisions"}],"predecessor-version":[{"id":20492,"href":"https:\/\/www.sbfisica.org.br\/v1\/sbf\/wp-json\/wp\/v2\/posts\/20490\/revisions\/20492"}],"wp:featuredmedia":[{"embeddable":true,"href":"https:\/\/www.sbfisica.org.br\/v1\/sbf\/wp-json\/wp\/v2\/media\/20491"}],"wp:attachment":[{"href":"https:\/\/www.sbfisica.org.br\/v1\/sbf\/wp-json\/wp\/v2\/media?parent=20490"}],"wp:term":[{"taxonomy":"category","embeddable":true,"href":"https:\/\/www.sbfisica.org.br\/v1\/sbf\/wp-json\/wp\/v2\/categories?post=20490"},{"taxonomy":"post_tag","embeddable":true,"href":"https:\/\/www.sbfisica.org.br\/v1\/sbf\/wp-json\/wp\/v2\/tags?post=20490"}],"curies":[{"name":"wp","href":"https:\/\/api.w.org\/{rel}","templated":true}]}}