{"id":20418,"date":"2023-02-23T09:18:19","date_gmt":"2023-02-23T12:18:19","guid":{"rendered":"https:\/\/sbfisica.org.br\/v1\/sbf\/?p=20418"},"modified":"2023-02-23T09:18:21","modified_gmt":"2023-02-23T12:18:21","slug":"o-fonlifi-faz-sua-primeira-reuniao-de-2023","status":"publish","type":"post","link":"https:\/\/www.sbfisica.org.br\/v1\/sbf\/o-fonlifi-faz-sua-primeira-reuniao-de-2023\/","title":{"rendered":"O FONLIFI faz sua primeira reuni\u00e3o de 2023"},"content":{"rendered":"\n<p>No ano de 2022 o FONLIFI discutiu e refletiu sobre os documentos norteadores que tratam da reestrutura\u00e7\u00e3o das Licenciaturas em F\u00edsica. Em 2023 o f\u00f3rum retorna oficialmente suas reuni\u00f5es na pr\u00f3xima ter\u00e7a feira para finalizar um material colaborativo e online sobre a curriculariza\u00e7\u00e3o da extens\u00e3o e convida toda a comunidade para participar dessa enriquecedora discuss\u00e3o. A reuni\u00e3o ser\u00e1 realizada de forma remota.<\/p>\n\n\n\n<p>Link da videochamada: <a href=\"https:\/\/meet.google.com\/axz-kzcc-anv\" target=\"_blank\" rel=\"noopener\">https:\/\/meet.google.com\/axz-kzcc-anv<\/a><br>Data: 28 de fevereiro (ter\u00e7a feira)<br>Hor\u00e1rio: 16:00 \u00e0s 18:00 h<\/p>\n\n\n\n<p>Agradecemos \u00e0 todas(os) que contribuem para o sucesso do FONLIFI, especialmente \u00e0 SBF pelo apoio e espa\u00e7o disponibilizado no boletim.<\/p>\n\n\n\n<p>Edson Firmino Viana de Carvalho (UFMA) \u2013 Presidente<br>George Kouzo Shinomiya (UESC) \u2013 Vice Presidente<br>Aline Portella Biscaino (UFFS) \u2013 Secret\u00e1ria<br>Marcos Fernando Soares Alves (IFPR) \u2013 Secret\u00e1rio<\/p>\n","protected":false},"excerpt":{"rendered":"<p>No ano de 2022 o FONLIFI discutiu e refletiu sobre os documentos norteadores que tratam da reestrutura\u00e7\u00e3o das Licenciaturas em F\u00edsica. Em 2023 o f\u00f3rum retorna oficialmente suas reuni\u00f5es na pr\u00f3xima ter\u00e7a feira para finalizar um material colaborativo e online sobre a curriculariza\u00e7\u00e3o da extens\u00e3o e convida toda a comunidade para participar dessa enriquecedora discuss\u00e3o. [&hellip;]<\/p>\n","protected":false},"author":3,"featured_media":19705,"comment_status":"open","ping_status":"open","sticky":false,"template":"","format":"standard","meta":{"footnotes":""},"categories":[127],"tags":[],"class_list":["post-20418","post","type-post","status-publish","format-standard","has-post-thumbnail","hentry","category-acontece-na-sbf"],"aioseo_notices":[],"_links":{"self":[{"href":"https:\/\/www.sbfisica.org.br\/v1\/sbf\/wp-json\/wp\/v2\/posts\/20418","targetHints":{"allow":["GET"]}}],"collection":[{"href":"https:\/\/www.sbfisica.org.br\/v1\/sbf\/wp-json\/wp\/v2\/posts"}],"about":[{"href":"https:\/\/www.sbfisica.org.br\/v1\/sbf\/wp-json\/wp\/v2\/types\/post"}],"author":[{"embeddable":true,"href":"https:\/\/www.sbfisica.org.br\/v1\/sbf\/wp-json\/wp\/v2\/users\/3"}],"replies":[{"embeddable":true,"href":"https:\/\/www.sbfisica.org.br\/v1\/sbf\/wp-json\/wp\/v2\/comments?post=20418"}],"version-history":[{"count":1,"href":"https:\/\/www.sbfisica.org.br\/v1\/sbf\/wp-json\/wp\/v2\/posts\/20418\/revisions"}],"predecessor-version":[{"id":20419,"href":"https:\/\/www.sbfisica.org.br\/v1\/sbf\/wp-json\/wp\/v2\/posts\/20418\/revisions\/20419"}],"wp:featuredmedia":[{"embeddable":true,"href":"https:\/\/www.sbfisica.org.br\/v1\/sbf\/wp-json\/wp\/v2\/media\/19705"}],"wp:attachment":[{"href":"https:\/\/www.sbfisica.org.br\/v1\/sbf\/wp-json\/wp\/v2\/media?parent=20418"}],"wp:term":[{"taxonomy":"category","embeddable":true,"href":"https:\/\/www.sbfisica.org.br\/v1\/sbf\/wp-json\/wp\/v2\/categories?post=20418"},{"taxonomy":"post_tag","embeddable":true,"href":"https:\/\/www.sbfisica.org.br\/v1\/sbf\/wp-json\/wp\/v2\/tags?post=20418"}],"curies":[{"name":"wp","href":"https:\/\/api.w.org\/{rel}","templated":true}]}}