{"id":20309,"date":"2023-02-02T13:51:32","date_gmt":"2023-02-02T16:51:32","guid":{"rendered":"https:\/\/sbfisica.org.br\/v1\/sbf\/?p=20309"},"modified":"2023-02-02T13:52:24","modified_gmt":"2023-02-02T16:52:24","slug":"profa-nadja-magalhaes-unifesp-associada-da-sbf-discutira-espaco-tempo-na-alemanha","status":"publish","type":"post","link":"https:\/\/www.sbfisica.org.br\/v1\/sbf\/profa-nadja-magalhaes-unifesp-associada-da-sbf-discutira-espaco-tempo-na-alemanha\/","title":{"rendered":"Profa. Nadja Magalh\u00e3es (UNIFESP), associada da SBF, discutir\u00e1 espa\u00e7o-tempo na Alemanha"},"content":{"rendered":"\n<p>A Profa. Dra. Nadja Magalh\u00e3es, docente do Departamento de F\u00edsica da Unifesp em Diadema, foi agraciada com suporte financeiro da alem\u00e3 Wilhelm and Else Heraeus-Foundation para participar de um semin\u00e1rio internacional, sobre a natureza do tempo e as formas de medi-lo.<\/p>\n\n\n\n<p>Maiores detalhes podem ser encontrados aqui:\u00a0<br><a href=\"https:\/\/www.unifesp.br\/campus\/dia\/noticias\/1374-unifesp-participara-de-seletivo-evento-sobre-o-espaco-tempo-na-alemanha\" target=\"_blank\" rel=\"noreferrer noopener\">https:\/\/www.unifesp.br\/campus\/dia\/noticias\/1374-unifesp-participara-de-seletivo-evento-sobre-o-espaco-tempo-na-alemanha<\/a><\/p>\n","protected":false},"excerpt":{"rendered":"<p>A Profa. Dra. Nadja Magalh\u00e3es, docente do Departamento de F\u00edsica da Unifesp em Diadema, foi agraciada com suporte financeiro da alem\u00e3 Wilhelm and Else Heraeus-Foundation para participar de um semin\u00e1rio internacional, sobre a natureza do tempo e as formas de medi-lo. Maiores detalhes podem ser encontrados aqui:\u00a0https:\/\/www.unifesp.br\/campus\/dia\/noticias\/1374-unifesp-participara-de-seletivo-evento-sobre-o-espaco-tempo-na-alemanha<\/p>\n","protected":false},"author":3,"featured_media":20310,"comment_status":"open","ping_status":"open","sticky":false,"template":"","format":"standard","meta":{"footnotes":""},"categories":[127],"tags":[],"class_list":["post-20309","post","type-post","status-publish","format-standard","has-post-thumbnail","hentry","category-acontece-na-sbf"],"aioseo_notices":[],"_links":{"self":[{"href":"https:\/\/www.sbfisica.org.br\/v1\/sbf\/wp-json\/wp\/v2\/posts\/20309","targetHints":{"allow":["GET"]}}],"collection":[{"href":"https:\/\/www.sbfisica.org.br\/v1\/sbf\/wp-json\/wp\/v2\/posts"}],"about":[{"href":"https:\/\/www.sbfisica.org.br\/v1\/sbf\/wp-json\/wp\/v2\/types\/post"}],"author":[{"embeddable":true,"href":"https:\/\/www.sbfisica.org.br\/v1\/sbf\/wp-json\/wp\/v2\/users\/3"}],"replies":[{"embeddable":true,"href":"https:\/\/www.sbfisica.org.br\/v1\/sbf\/wp-json\/wp\/v2\/comments?post=20309"}],"version-history":[{"count":1,"href":"https:\/\/www.sbfisica.org.br\/v1\/sbf\/wp-json\/wp\/v2\/posts\/20309\/revisions"}],"predecessor-version":[{"id":20311,"href":"https:\/\/www.sbfisica.org.br\/v1\/sbf\/wp-json\/wp\/v2\/posts\/20309\/revisions\/20311"}],"wp:featuredmedia":[{"embeddable":true,"href":"https:\/\/www.sbfisica.org.br\/v1\/sbf\/wp-json\/wp\/v2\/media\/20310"}],"wp:attachment":[{"href":"https:\/\/www.sbfisica.org.br\/v1\/sbf\/wp-json\/wp\/v2\/media?parent=20309"}],"wp:term":[{"taxonomy":"category","embeddable":true,"href":"https:\/\/www.sbfisica.org.br\/v1\/sbf\/wp-json\/wp\/v2\/categories?post=20309"},{"taxonomy":"post_tag","embeddable":true,"href":"https:\/\/www.sbfisica.org.br\/v1\/sbf\/wp-json\/wp\/v2\/tags?post=20309"}],"curies":[{"name":"wp","href":"https:\/\/api.w.org\/{rel}","templated":true}]}}