{"id":19836,"date":"2022-10-17T10:07:15","date_gmt":"2022-10-17T13:07:15","guid":{"rendered":"https:\/\/sbfisica.org.br\/v1\/sbf\/?p=19836"},"modified":"2022-10-18T11:26:46","modified_gmt":"2022-10-18T14:26:46","slug":"sbf-entrevista-o-professor-farinaldo-queiroz-ufrn-iip-que-avalia-o-ii-encontro-de-primavera","status":"publish","type":"post","link":"https:\/\/www.sbfisica.org.br\/v1\/sbf\/sbf-entrevista-o-professor-farinaldo-queiroz-ufrn-iip-que-avalia-o-ii-encontro-de-primavera\/","title":{"rendered":"SBF entrevista o professor Farinaldo Queiroz (UFRN-IIP) que avalia o II Encontro de Primavera"},"content":{"rendered":"\n<p><em>Por Joice Santos<\/em><br><em>Jornalista em colabora\u00e7\u00e3o para a SBF<\/em><\/p>\n\n\n\n<p>A SBF (Sociedade Brasileira de F\u00edsica) entrevista o professor Dr. Farinaldo Queiroz da Universidade Federal do Rio Grande do Norte e do <em>International Institute of Physics <\/em>(UFRN &#8211; IIP), que fez um panorama do II Encontro de Primavera. Sendo um dos coordenadores e organizadores, o professor fala do evento que aconteceu no nordeste, destaca a participa\u00e7\u00e3o dos alunos e da experi\u00eancia de unir num mesmo encontro pesquisadores das \u00e1reas de Part\u00edculas e Campos e de F\u00edsica Nuclear.&nbsp;<\/p>\n\n\n\n<p>A descentraliza\u00e7\u00e3o de eventos \u00e9 um dos objetivos da SBF, que procura unir for\u00e7as para que haja edi\u00e7\u00f5es de seus encontros cient\u00edficos em todas as regi\u00f5es do pa\u00eds.&nbsp; Dessa forma, aconteceu o II Encontro de Primavera em Natal-RN na UFRN, nos dias 26 a 29 de setembro de 2022. Coordenado pelos professores Farinaldo Queiroz e pelo professor Manuel Malheiro do Instituto Tecnol\u00f3gico de Aeron\u00e1utica (ITA), o evento reuniu 243 pessoas, sendo 22,3% do sexo feminino, 30% do nordeste e 57,5% de estudantes. A SBF convidou o professor Queiroz para avaliar essa edi\u00e7\u00e3o itinerante, a import\u00e2ncia da participa\u00e7\u00e3o dos alunos e demais particularidades do evento. Em formato de conversa pergunta e resposta, o professor diz sua opini\u00e3o.&nbsp;<\/p>\n\n\n\n<p>Farinaldo Queiroz \u00e9 professor na UFRN-DFTE desde 2018 e l\u00edder do Grupo de F\u00edsica de Part\u00edculas e Astropart\u00edculas no IIP. Pesquisador Associado dos institutos ICTP-SAIFR, e SAPHIR (Chile) e cofundador do instituto de pesquisa SAPHIR. Ganhou pr\u00eamio de melhor tese de doutoramento em F\u00edsica no ano 2013 pela SBF. Escritor de um livro para o ensino b\u00e1sico &#8220;COSMOS&#8221; com vers\u00e3o para surdocegos. Coordenador da \u00e1rea de F\u00edsica de Part\u00edculas da SBF (2022-2023), e atua como membro de CA do CNPq\/COCEX. \u00c9 bolsista de produtividade 1D do CNPq.&nbsp;<\/p>\n\n\n\n<p><strong>SBF: Professor, tendo em vista que esta foi uma edi\u00e7\u00e3o do evento que aconteceu no nordeste, gostaria que voc\u00ea avaliasse como foi esse Encontro na regi\u00e3o e o quanto \u00e9 importante ter essa itiner\u00e2ncia de eventos em outras localidades fora do eixo do sul\/sudeste.&nbsp;<\/strong><\/p>\n\n\n\n<p><strong>Professor Farinaldo Queiroz:<\/strong> Acredito que o evento foi um sucesso. A SBF fez um esfor\u00e7o para manter a taxa de inscri\u00e7\u00e3o a um pre\u00e7o mais acess\u00edvel para estudantes, e esse esfor\u00e7o foi vis\u00edvel na quantidade de estudantes que tivemos no evento, diante de uma bolsa de IC e p\u00f3s-gradua\u00e7\u00e3o que n\u00e3o sofre reajuste h\u00e1 muito tempo. Mais de 55% dos participantes eram estudantes. Algo fora do comum para esse evento. \u00c9 de conhecimento de todos que as universidades do sul-sudeste em geral, salvo exce\u00e7\u00f5es, possuem mais recursos na p\u00f3s-gradua\u00e7\u00e3o e contam com aporte significativo das ag\u00eancias de fomento locais. Portanto, \u00e9 relativamente mais f\u00e1cil a ida de pesquisadores do sul-sudeste para o norte-nordeste (e centro-oeste) que o contr\u00e1rio. Principalmente no que diz respeito aos estudantes, pois estudantes do nordeste dependem fortemente dos recursos de suas respectivas p\u00f3s-gradua\u00e7\u00f5es. Na minha opini\u00e3o, mesmo que esse n\u00e3o fosse o caso, de toda forma um evento nacional por si s\u00f3 deveria ser itinerante, pois s\u00f3 assim deixaremos um legado cient\u00edfico nacional, e iremos popularizar as diferentes \u00e1reas de pesquisa que esse encontro engloba, nas diferentes regi\u00f5es desse pa\u00eds, de dimens\u00f5es continentais. Quando nos tornamos docentes e trabalhamos na forma\u00e7\u00e3o de recursos humanos, nossa atividade ganha outra dimens\u00e3o e outro prop\u00f3sito. Atuamos n\u00e3o simplesmente em busca de conquistas pessoais, mas em prol de uma pesquisa e educa\u00e7\u00e3o mais forte em todo o territ\u00f3rio nacional. A comunidade como um todo ganha quando temos grupos fortes espalhados no territ\u00f3rio nacional. O agradecimento e felicidade dos estudantes durante o evento foi emocionante. Por isso pe\u00e7o desculpas a todos pela minha como\u00e7\u00e3o durante a assembleia da SBF.<\/p>\n\n\n\n<p><strong>SBF: Como foi a experi\u00eancia de se ter a jun\u00e7\u00e3o dos eventos de Part\u00edculas e Campos e de F\u00edsica Nuclear?<\/strong><\/p>\n\n\n\n<p><strong>Professor Farinaldo Queiroz:<\/strong> Chamo aten\u00e7\u00e3o ao fato de que dependendo do tema de pesquisa que voc\u00ea estiver atuando, \u00e9 dif\u00edcil distinguir essas \u00e1reas. Muitas pessoas trabalham na interface entre as \u00e1reas. Interdisciplinaridade \u00e9 e sempre ser\u00e1 importante. Portanto, \u00e9 natural que uma institui\u00e7\u00e3o como a SBF promova a interdisciplinaridade atrav\u00e9s da unifica\u00e7\u00e3o desses encontros no agora chamado Encontro de Primavera. Pudemos ver v\u00e1rias pessoas tidas como \u201cde Nuclear\u201d em paralelas de \u201cf\u00edsica de part\u00edculas\u201d e vice-versa. Acredito que o encontro s\u00f3 tem a ganhar com a unifica\u00e7\u00e3o. Obviamente organizar um evento maior e com mais pessoas na organiza\u00e7\u00e3o traz mais dificuldades, mas como disse na abertura do evento, todo o esfor\u00e7o vale a pena quando voc\u00ea v\u00ea aquela multid\u00e3o com fome de ci\u00eancia reunida no audit\u00f3rio. A maior dificuldade do evento em si \u00e9 a or\u00e7ament\u00e1ria. A verba que veio da CAPES foi 35% inferior a 2019, que j\u00e1 foi pequena. Gra\u00e7as a um enorme apoio da UFRN, FUNPEC (Funda\u00e7\u00e3o Norte-Rio Grandense de Pesquisa e Cultura) e empresas privadas do ramo de computa\u00e7\u00e3o de alto desempenho como a VERSATUS HP\/DELL e LANIAQ que conseguimos realizar o evento, al\u00e9m da \u00f3tima infraestrutura do IIP, e os seus profissionais que atuaram voluntariamente em benef\u00edcio do evento. Fomos contemplados com 35 mil reais do CNPq, mas essa verba, apesar de importante, chegou tardiamente, e foi basicamente direcionada para emiss\u00e3o de di\u00e1rias para os palestrantes convidados do evento.<\/p>\n\n\n\n<p>Afirmo que sem a participa\u00e7\u00e3o do comit\u00ea de organiza\u00e7\u00e3o de f\u00edsica nuclear, e part\u00edculas e campos esse evento n\u00e3o teria sido realizado com sucesso. Agrade\u00e7o muito a atua\u00e7\u00e3o do professor Manuel Malheiro como <em>chair<\/em> de F\u00edsica Nuclear pela paci\u00eancia e ajuda em todo o processo.&nbsp; Seria um longo texto para explicitar a participa\u00e7\u00e3o de todos na comiss\u00e3o. Poderia citar as in\u00fameras reuni\u00f5es, liga\u00e7\u00f5es tarde da noite, sugest\u00f5es de programa, orienta\u00e7\u00f5es, e decis\u00f5es tomadas pelos membros da comiss\u00e3o organizadora que foram cruciais para o andamento do evento. Agrade\u00e7o muito aos secret\u00e1rios da SBF, principalmente Roberto e Fernando com quem tive mais contato no processo. A presen\u00e7a do Roberto e da Beatriz durante os dias de evento foram importantes para lidar com todo o processo burocr\u00e1tico do evento. Ter secret\u00e1rios da SBF durante o evento \u00e9 importante e traz uma identidade para o evento.&nbsp;&nbsp;<\/p>\n\n\n\n<p><strong>SBF: Quais outros eventos voc\u00ea gostaria de ver acontecendo no nordeste para que os pesquisadores, especialmente os alunos, possam ter acesso?<\/strong><\/p>\n\n\n\n<p><strong>Professor Farinaldo Queiroz:<\/strong> Acredito que dever\u00edamos realizar anual ou bienalmente uma escola regional. Por ser uma escola, ela deve ser nos moldes do \u00faltimo encontro, contando com uma baixa taxa de inscri\u00e7\u00e3o, para os estudantes da regi\u00e3o, seguindo os padr\u00f5es da tradicional Jorge Andr\u00e9 Swieca. Pelo mesmo motivo que destaquei anteriormente, os estudantes do nordeste tem dificuldade de participar da escola Jorge Andr\u00e9 Swieca. Desta forma dever\u00edamos organizar uma escola na regi\u00e3o.&nbsp;<\/p>\n\n\n\n<p><strong>SBF: Como o encontro contribuiu para a divulga\u00e7\u00e3o do <\/strong><strong><em>IIP<\/em><\/strong><strong> na comunidade cient\u00edfica brasileira?&nbsp;<\/strong><\/p>\n\n\n\n<p><strong>Professor Farinaldo Queiroz:<\/strong> O <em>\u201cInternational Institute of Physics<\/em>\u201d realiza eventos regulares, mas os eventos s\u00e3o preferencialmente de pequeno porte, focados em t\u00f3picos espec\u00edficos e com car\u00e1ter internacional. Al\u00e9m disso, uma aplica\u00e7\u00e3o deve ser submetida em novembro para o comit\u00ea internacional que, caso aprovada, permita a realiza\u00e7\u00e3o do evento n\u00e3o no ano seguinte, mas no subsequente. Todas essas exig\u00eancias inviabilizam a realiza\u00e7\u00e3o de eventos tradicionais, sejam nacionais, regionais ou internacionais. Em fun\u00e7\u00e3o de quest\u00f5es or\u00e7ament\u00e1rias, o&nbsp; calend\u00e1rio de atividades do IIP ficou mais livre. Felizmente, o comit\u00ea internacional permitiu a realiza\u00e7\u00e3o do Encontro de Primavera 2022. Acredito que a maioria dos pesquisadores presentes n\u00e3o conhecia o instituto e isso foi importante para mostrar para a comunidade de F\u00edsica de Part\u00edculas, Campos, F\u00edsica Nuclear e Cosmologia que estavam presentes, que existe um centro de excel\u00eancia e com boa infraestrutura nessa regi\u00e3o do pa\u00eds. A palestra do nosso diretor, Alvaro Ferraz, que abriu o evento, demonstrou isso bem.<\/p>\n\n\n\n<p><strong>SBF: Poderia fazer uma avalia\u00e7\u00e3o do que foi o II Encontro de Primavera? Gostaria de acrescentar algo?<\/strong><br><strong>Professor Farinaldo Queiroz:<\/strong> Acredito que vale destacar o esfor\u00e7o que muitas pessoas do sul-sudeste fizeram para vir ao evento. Pois h\u00e1 um bom tempo os recursos para educa\u00e7\u00e3o e pesquisa v\u00eam sofrendo com seguidos cortes, enfraquecendo suas p\u00f3s-gradua\u00e7\u00f5es, grupos de pesquisa e contribuindo para uma grande evas\u00e3o de bons estudantes. Tivemos percal\u00e7os, como demora em conseguir financiamento da FAPESP, que chegou na v\u00e9spera do evento. Mesmo diante disso tudo, muitos vieram ao evento, alunos e doutores. Abro aspas para a declara\u00e7\u00e3o de um estudante meu de IC, Yago Brasil, \u201cNossa professor, esse encontro me vez perceber que eu fa\u00e7o parte de uma comunidade cient\u00edfica, e que eu contribuo para ela. Muito legal isso\u201d. Esse sentimento \u00e9 compartilhado por todos. Enfim, obrigado a todos que participaram do II Encontro de Primavera.<\/p>\n","protected":false},"excerpt":{"rendered":"<p>Por Joice SantosJornalista em colabora\u00e7\u00e3o para a SBF A SBF (Sociedade Brasileira de F\u00edsica) entrevista o professor Dr. Farinaldo Queiroz da Universidade Federal do Rio Grande do Norte e do International Institute of Physics (UFRN &#8211; IIP), que fez um panorama do II Encontro de Primavera. Sendo um dos coordenadores e organizadores, o professor fala [&hellip;]<\/p>\n","protected":false},"author":3,"featured_media":19848,"comment_status":"open","ping_status":"open","sticky":false,"template":"","format":"standard","meta":{"footnotes":""},"categories":[127],"tags":[],"class_list":["post-19836","post","type-post","status-publish","format-standard","has-post-thumbnail","hentry","category-acontece-na-sbf"],"aioseo_notices":[],"_links":{"self":[{"href":"https:\/\/www.sbfisica.org.br\/v1\/sbf\/wp-json\/wp\/v2\/posts\/19836","targetHints":{"allow":["GET"]}}],"collection":[{"href":"https:\/\/www.sbfisica.org.br\/v1\/sbf\/wp-json\/wp\/v2\/posts"}],"about":[{"href":"https:\/\/www.sbfisica.org.br\/v1\/sbf\/wp-json\/wp\/v2\/types\/post"}],"author":[{"embeddable":true,"href":"https:\/\/www.sbfisica.org.br\/v1\/sbf\/wp-json\/wp\/v2\/users\/3"}],"replies":[{"embeddable":true,"href":"https:\/\/www.sbfisica.org.br\/v1\/sbf\/wp-json\/wp\/v2\/comments?post=19836"}],"version-history":[{"count":1,"href":"https:\/\/www.sbfisica.org.br\/v1\/sbf\/wp-json\/wp\/v2\/posts\/19836\/revisions"}],"predecessor-version":[{"id":19837,"href":"https:\/\/www.sbfisica.org.br\/v1\/sbf\/wp-json\/wp\/v2\/posts\/19836\/revisions\/19837"}],"wp:featuredmedia":[{"embeddable":true,"href":"https:\/\/www.sbfisica.org.br\/v1\/sbf\/wp-json\/wp\/v2\/media\/19848"}],"wp:attachment":[{"href":"https:\/\/www.sbfisica.org.br\/v1\/sbf\/wp-json\/wp\/v2\/media?parent=19836"}],"wp:term":[{"taxonomy":"category","embeddable":true,"href":"https:\/\/www.sbfisica.org.br\/v1\/sbf\/wp-json\/wp\/v2\/categories?post=19836"},{"taxonomy":"post_tag","embeddable":true,"href":"https:\/\/www.sbfisica.org.br\/v1\/sbf\/wp-json\/wp\/v2\/tags?post=19836"}],"curies":[{"name":"wp","href":"https:\/\/api.w.org\/{rel}","templated":true}]}}